{"id":57977,"date":"2024-10-21T05:48:42","date_gmt":"2024-10-21T08:48:42","guid":{"rendered":"https:\/\/jornadasebprioicprj.com.br\/2024\/?p=57977"},"modified":"2024-10-21T05:48:42","modified_gmt":"2024-10-21T08:48:42","slug":"notas-sobre-as-xxxi-jornadas-clinicas","status":"publish","type":"post","link":"https:\/\/jornadasebprioicprj.com.br\/2024\/notas-sobre-as-xxxi-jornadas-clinicas\/","title":{"rendered":"NOTAS SOBRE AS XXXI JORNADAS CL\u00cdNICAS"},"content":{"rendered":"<h5><em>Camila Ventura<\/em><\/h5>\n<p>As XXXI Jornadas Cl\u00ednicas da EBP-Rio e do ICP-RJ, intituladas A palavra e a pedra \u2013 interpreta\u00e7\u00e3o em an\u00e1lise, inscreveram-se como uma experi\u00eancia de transmiss\u00e3o despretensiosa, bem-humorada e rigorosa da psican\u00e1lise. As discuss\u00f5es giraram em torno de temas fundamentais, apelidados como \u201co feij\u00e3o com arroz da cl\u00ednica\u201d.<\/p>\n<p>A partir de trabalhos cl\u00ednicos, tivemos recortes de casos que exemplificaram o que nos orienta. Vimos como a interven\u00e7\u00e3o sobre o\u00a0significante<em> indigno<\/em>\u00a0p\u00f4de abrir novas possibilidades e relan\u00e7ar o sujeito, fazendo surgir o singular no capit\u00e3o do mato. Partir do universal para o singular nunca fez tanto sentido quanto nos dias de hoje, quando o universal abafa o singular e o coletivo silencia vozes.<\/p>\n<p>As inven\u00e7\u00f5es desfilaram ao longo desses dias, dos grupos de trabalho em torno das mesas simult\u00e2neas ao \u201cgrupo de trabalho do grupo de trabalho\u201d (GT do GT). As trocas e agita\u00e7\u00f5es na plateia, os rostos que talvez n\u00e3o estivessem l\u00e1 sem essa convoca\u00e7\u00e3o, atentos, implicados e instigados pela orienta\u00e7\u00e3o da psican\u00e1lise, sugerem o sucesso da ideia. A convidada\u00a0Gabriela Grinbaum\u00a0esbanjou simpatia e criou um clima de abertura e leveza, combinando os conceitos com uma abordagem acess\u00edvel e din\u00e2mica de uma pr\u00e1tica viva. Revigorou-se o desejo do analista, frase que ecoou ao longo de toda a jornada.<\/p>\n<p>Celebramos o encerramento das Jornadas com a festa\u00a0\u201cQuebradeira\u201d, realizada na casa\u00a0Cais da Imperatriz, uma bela constru\u00e7\u00e3o que serviria de cocheira em 1956, na regi\u00e3o da Gamboa, hoje toda restaurada tem grandes paredes de pedras e rochas que falam e nos contam o que ali foi enterrado. Dan\u00e7amos e revisitamos nossa hist\u00f3ria, foi um fechamento lindo, alegre e dan\u00e7ante para esses dois dias de transmiss\u00e3o.<\/p>\n","protected":false},"excerpt":{"rendered":"<p>Camila Ventura As XXXI Jornadas Cl\u00ednicas da EBP-Rio e do ICP-RJ, intituladas A palavra e a pedra \u2013 interpreta\u00e7\u00e3o em an\u00e1lise, inscreveram-se como uma experi\u00eancia de transmiss\u00e3o despretensiosa, bem-humorada e rigorosa da psican\u00e1lise. As discuss\u00f5es giraram em torno de temas fundamentais, apelidados como \u201co feij\u00e3o com arroz da cl\u00ednica\u201d. A partir de trabalhos cl\u00ednicos, tivemos&hellip;<\/p>\n","protected":false},"author":1,"featured_media":0,"comment_status":"open","ping_status":"open","sticky":false,"template":"","format":"standard","meta":{"footnotes":""},"categories":[520],"tags":[],"class_list":["post-57977","post","type-post","status-publish","format-standard","hentry","category-textos","category-520","description-off"],"_links":{"self":[{"href":"https:\/\/jornadasebprioicprj.com.br\/2024\/wp-json\/wp\/v2\/posts\/57977","targetHints":{"allow":["GET"]}}],"collection":[{"href":"https:\/\/jornadasebprioicprj.com.br\/2024\/wp-json\/wp\/v2\/posts"}],"about":[{"href":"https:\/\/jornadasebprioicprj.com.br\/2024\/wp-json\/wp\/v2\/types\/post"}],"author":[{"embeddable":true,"href":"https:\/\/jornadasebprioicprj.com.br\/2024\/wp-json\/wp\/v2\/users\/1"}],"replies":[{"embeddable":true,"href":"https:\/\/jornadasebprioicprj.com.br\/2024\/wp-json\/wp\/v2\/comments?post=57977"}],"version-history":[{"count":1,"href":"https:\/\/jornadasebprioicprj.com.br\/2024\/wp-json\/wp\/v2\/posts\/57977\/revisions"}],"predecessor-version":[{"id":57978,"href":"https:\/\/jornadasebprioicprj.com.br\/2024\/wp-json\/wp\/v2\/posts\/57977\/revisions\/57978"}],"wp:attachment":[{"href":"https:\/\/jornadasebprioicprj.com.br\/2024\/wp-json\/wp\/v2\/media?parent=57977"}],"wp:term":[{"taxonomy":"category","embeddable":true,"href":"https:\/\/jornadasebprioicprj.com.br\/2024\/wp-json\/wp\/v2\/categories?post=57977"},{"taxonomy":"post_tag","embeddable":true,"href":"https:\/\/jornadasebprioicprj.com.br\/2024\/wp-json\/wp\/v2\/tags?post=57977"}],"curies":[{"name":"wp","href":"https:\/\/api.w.org\/{rel}","templated":true}]}}