{"id":57777,"date":"2024-08-12T05:32:21","date_gmt":"2024-08-12T08:32:21","guid":{"rendered":"https:\/\/jornadasebprioicprj.com.br\/2024\/?p=57777"},"modified":"2024-08-12T05:32:21","modified_gmt":"2024-08-12T08:32:21","slug":"sobre-a-preparatoria","status":"publish","type":"post","link":"https:\/\/jornadasebprioicprj.com.br\/2024\/sobre-a-preparatoria\/","title":{"rendered":"SOBRE A PREPARAT\u00d3RIA"},"content":{"rendered":"<h6><em>Dinah Kleve<\/em><\/h6>\n<p>O que vem primeiro as Preparat\u00f3rias ou as Jornadas? Se voc\u00ea est\u00e1 achando que \u201cA palavra e a pedra: interpreta\u00e7\u00e3o em an\u00e1lise\u201d s\u00f3 vai acontecer em outubro, se liga porque desde o seu lan\u00e7amento as XXXI Jornadas Cl\u00ednicas da EBP-Rio e do ICP-RJ j\u00e1 est\u00e3o acontecendo e nos colocando a trabalho.<\/p>\n<p>Os eixos propostos pela Comiss\u00e3o Cient\u00edfica para o envio de textos para essas Jornadas, nas quais somos incentivados, de diferentes formas, a lhes endere\u00e7ar os embara\u00e7os que vivemos na cl\u00ednica j\u00e1 apontam para um caminho que foi a t\u00f4nica da excelente Preparat\u00f3ria que ocorreu no \u00faltimo dia 2 de agosto, na Se\u00e7\u00e3o Rio.<\/p>\n<p>Com base em dois textos dos ilustres convidados, escritos h\u00e1 cerca de 30 anos \u2013 \u201cN\u00e3o h\u00e1 final de an\u00e1lise sem interpreta\u00e7\u00e3o\u201d, de Romildo do R\u00eago Barros, e \u201cDa interpreta\u00e7\u00e3o \u00e0 transfer\u00eancia\u201d, de Ricardo Seldes \u2013, Maricia Ciscato lan\u00e7ou a quest\u00e3o elaborada pela Coordena\u00e7\u00e3o das Jornadas: o que vem primeiro a transfer\u00eancia ou a interpreta\u00e7\u00e3o?<\/p>\n<p>Convocados a improvisar a esse respeito, ambos os convidados revisitaram seus pr\u00f3prios percursos de diferentes momentos de suas forma\u00e7\u00f5es, assim como as diferentes t\u00f3picas de Freud e os diferentes ensinos de Lacan, sempre ressaltando a import\u00e2ncia de se recolher as consequ\u00eancias dos trope\u00e7os nas pedras, a fim de trilhar o caminho que elas pr\u00f3prias delineiam, uma vez que a funda\u00e7\u00e3o da psican\u00e1lise, como se concluiu em determinado momento, n\u00e3o corresponde \u00e0 funda\u00e7\u00e3o do psicanalista.<\/p>\n<p>Uma importante coloca\u00e7\u00e3o de Ricardo Seldes quanto a n\u00e3o haver transfer\u00eancia sem demanda de interpreta\u00e7\u00e3o fez surgir uma quest\u00e3o sobre qual seria a diferen\u00e7a entre esta e a institui\u00e7\u00e3o do sujeito suposto saber, \u00e0 qual ele respondeu caracterizando a aceita\u00e7\u00e3o, por parte do analista, da referida demanda, como um ato de amor, em que ele interv\u00e9m prestando-se \u00e0 transfer\u00eancia.<\/p>\n<p>Mesmo que o pedido a n\u00f3s dirigido seja, portanto, o de retirarmos a pedra do meio do caminho de nosso analisante, cabe-nos viabilizar que ele venha a perceber que uso vem fazendo dessa pedra, em que paredes ela rebate ao se deslocar por ele, que sons emite etc. Estabelecer a an\u00e1lise como um espa\u00e7o no qual essa experi\u00eancia possa ter lugar e n\u00e3o como um procedimento que busque enquadr\u00e1-lo num ideal de normalidade.<\/p>\n<p>Romildo, por sua vez, marcou a ousadia da Coordena\u00e7\u00e3o das Jornadas de propor como tema a pedra, enquanto aquilo que excede a fala, ou seja, aquilo que a palavra n\u00e3o consegue explicar, sendo que, como tamb\u00e9m foi pontuado, a pr\u00f3pria palavra pode ser a pedra em quest\u00e3o. A surpresa, destacou ele, que \u00e9 para cada analista, flagrar-se como tendo sido jogado no lugar de objeto.<\/p>\n<p>Ainda que n\u00e3o seja poss\u00edvel resgatar num breve Boletim tudo o que de t\u00e3o importante se deu na Preparat\u00f3ria, gostaria de concluir sublinhando o quanto a ideia de propor um debate e n\u00e3o a apresenta\u00e7\u00e3o de textos preparados para o encontro refor\u00e7ou a diferen\u00e7a que h\u00e1 entre propiciar uma transmiss\u00e3o e assumir uma posi\u00e7\u00e3o de mestria, atentando que \u00e9 justamente a lida com o Discurso do Mestre, a partir do Discurso do Analista, por meio da interpreta\u00e7\u00e3o, o tema dessas Jornadas.<\/p>\n<p>&nbsp;<\/p>\n<p>&nbsp;<\/p>\n","protected":false},"excerpt":{"rendered":"<p>Dinah Kleve O que vem primeiro as Preparat\u00f3rias ou as Jornadas? Se voc\u00ea est\u00e1 achando que \u201cA palavra e a pedra: interpreta\u00e7\u00e3o em an\u00e1lise\u201d s\u00f3 vai acontecer em outubro, se liga porque desde o seu lan\u00e7amento as XXXI Jornadas Cl\u00ednicas da EBP-Rio e do ICP-RJ j\u00e1 est\u00e3o acontecendo e nos colocando a trabalho. Os eixos&hellip;<\/p>\n","protected":false},"author":1,"featured_media":0,"comment_status":"open","ping_status":"open","sticky":false,"template":"","format":"standard","meta":{"footnotes":""},"categories":[520],"tags":[],"class_list":["post-57777","post","type-post","status-publish","format-standard","hentry","category-textos","category-520","description-off"],"_links":{"self":[{"href":"https:\/\/jornadasebprioicprj.com.br\/2024\/wp-json\/wp\/v2\/posts\/57777","targetHints":{"allow":["GET"]}}],"collection":[{"href":"https:\/\/jornadasebprioicprj.com.br\/2024\/wp-json\/wp\/v2\/posts"}],"about":[{"href":"https:\/\/jornadasebprioicprj.com.br\/2024\/wp-json\/wp\/v2\/types\/post"}],"author":[{"embeddable":true,"href":"https:\/\/jornadasebprioicprj.com.br\/2024\/wp-json\/wp\/v2\/users\/1"}],"replies":[{"embeddable":true,"href":"https:\/\/jornadasebprioicprj.com.br\/2024\/wp-json\/wp\/v2\/comments?post=57777"}],"version-history":[{"count":1,"href":"https:\/\/jornadasebprioicprj.com.br\/2024\/wp-json\/wp\/v2\/posts\/57777\/revisions"}],"predecessor-version":[{"id":57778,"href":"https:\/\/jornadasebprioicprj.com.br\/2024\/wp-json\/wp\/v2\/posts\/57777\/revisions\/57778"}],"wp:attachment":[{"href":"https:\/\/jornadasebprioicprj.com.br\/2024\/wp-json\/wp\/v2\/media?parent=57777"}],"wp:term":[{"taxonomy":"category","embeddable":true,"href":"https:\/\/jornadasebprioicprj.com.br\/2024\/wp-json\/wp\/v2\/categories?post=57777"},{"taxonomy":"post_tag","embeddable":true,"href":"https:\/\/jornadasebprioicprj.com.br\/2024\/wp-json\/wp\/v2\/tags?post=57777"}],"curies":[{"name":"wp","href":"https:\/\/api.w.org\/{rel}","templated":true}]}}