{"id":57707,"date":"2024-07-22T06:12:53","date_gmt":"2024-07-22T09:12:53","guid":{"rendered":"https:\/\/jornadasebprioicprj.com.br\/2024\/?p=57707"},"modified":"2024-07-22T06:12:53","modified_gmt":"2024-07-22T09:12:53","slug":"o-seminario-de-orientacao-lacaniana-sol-da-secao-rio-da-ebp-e-as-xxxi-jornadas-clinicas","status":"publish","type":"post","link":"https:\/\/jornadasebprioicprj.com.br\/2024\/o-seminario-de-orientacao-lacaniana-sol-da-secao-rio-da-ebp-e-as-xxxi-jornadas-clinicas\/","title":{"rendered":"O SEMIN\u00c1RIO DE ORIENTA\u00c7\u00c3O LACANIANA (SOL) DA SE\u00c7\u00c3O RIO DA EBP E AS XXXI JORNADAS CL\u00cdNICAS"},"content":{"rendered":"<h6><em>Maricia Ciscato<\/em><\/h6>\n<p>O Conselho da Se\u00e7\u00e3o Rio da EBP vem buscando articular o estudo do Semin\u00e1rio de Orienta\u00e7\u00e3o Lacaniana (SOL) ao tema das nossas XXXI Jornadas \u2013 A palavra e a pedra: intepreta\u00e7\u00e3o em an\u00e1lise. Para tanto, tem convidado colegas que v\u00eam conduzindo o trabalho das Jornadas para discutirem alguns pontos do curso \u201cO Ser e o Um\u201d, de Jacques-Alain Miller, \u00e0 luz das quest\u00f5es que a interpreta\u00e7\u00e3o tem nos colocado no trabalho cl\u00ednico cotidiano. Nos dois primeiros encontros do SOL de 2024, Isabel Duarte, uma das coordenadoras gerais das Jornadas, e Paula Legey, uma das coordenadoras da Comiss\u00e3o Cient\u00edfica das Jornadas, estiveram presentes de um modo vivo e descontra\u00eddo, trazendo para o SOL um pouco do tom que essas Jornadas v\u00eam imprimindo na Se\u00e7\u00e3o Rio.<\/p>\n<p>Enquanto Isabel destacou a express\u00e3o \u201carquitetura do vazio\u201d, usada por Miller em \u201cO Ser e o Um\u201d, Paula retomou o valor do inconsciente como trope\u00e7o, tensionando a express\u00e3o \u201cIsso falha\u201d com a ideia mais presente no \u00faltimo Lacan em que \u201cIsso itera\u201d. Por diferentes percursos, Isabel e Paula enfatizaram, em um esfor\u00e7o de articula\u00e7\u00e3o com as provoca\u00e7\u00f5es de Lacan no <em>Semin\u00e1rio 19<\/em>, a hi\u00e2ncia entre gozo e sentido. Enquanto Isabel destacou que \u201ca interpreta\u00e7\u00e3o conta com essa hi\u00e2ncia, ao mesmo tempo em que a produz\u201d, Paula enfatizou que \u00e9 no vazio central \u2013 que ela trouxe atrav\u00e9s da figura do toro \u2013 que opera a interpreta\u00e7\u00e3o.<\/p>\n<p>Seguiremos por a\u00ed nos pr\u00f3ximos encontros do SOL. Na aula de 4 de maio de 2011 de \u201cO Ser e o Um\u201d, Miller diz que h\u00e1 uma escuta no n\u00edvel da dial\u00e9tica e uma escuta que se dirige \u00e0 exist\u00eancia: \u201cEntre essas duas escutas, o analista circula por haver ali duas dimens\u00f5es s\u00f3 rejuntadas por um hiato\u201d. Paula e Isabel j\u00e1 adiantaram algo sobre isso em nossos primeiros encontros.<\/p>\n<p>Lugar litoral entre gozo e sentido, a interpreta\u00e7\u00e3o, para tocar o sem sentido do gozo, tamb\u00e9m passa pelos desvios prometidos pelo sentido. Nesse hiato, promove aberturas para uma inven\u00e7\u00e3o. E foi essa inven\u00e7\u00e3o que Isabel apresentou sob a seguinte pergunta: \u201cComo, da pedra, chegar \u00e0 constru\u00e7\u00e3o, a uma constru\u00e7\u00e3o nova, singular, que d\u00ea lugar \u00e0 rela\u00e7\u00e3o do ser falante com seu gozo, a partir da n\u00e3o rela\u00e7\u00e3o sexual?\u201d. Seguimos nos esfor\u00e7os de articula\u00e7\u00f5es!<\/p>\n","protected":false},"excerpt":{"rendered":"<p>Maricia Ciscato O Conselho da Se\u00e7\u00e3o Rio da EBP vem buscando articular o estudo do Semin\u00e1rio de Orienta\u00e7\u00e3o Lacaniana (SOL) ao tema das nossas XXXI Jornadas \u2013 A palavra e a pedra: intepreta\u00e7\u00e3o em an\u00e1lise. Para tanto, tem convidado colegas que v\u00eam conduzindo o trabalho das Jornadas para discutirem alguns pontos do curso \u201cO Ser&hellip;<\/p>\n","protected":false},"author":1,"featured_media":0,"comment_status":"open","ping_status":"open","sticky":false,"template":"","format":"standard","meta":{"footnotes":""},"categories":[520],"tags":[],"class_list":["post-57707","post","type-post","status-publish","format-standard","hentry","category-textos","category-520","description-off"],"_links":{"self":[{"href":"https:\/\/jornadasebprioicprj.com.br\/2024\/wp-json\/wp\/v2\/posts\/57707","targetHints":{"allow":["GET"]}}],"collection":[{"href":"https:\/\/jornadasebprioicprj.com.br\/2024\/wp-json\/wp\/v2\/posts"}],"about":[{"href":"https:\/\/jornadasebprioicprj.com.br\/2024\/wp-json\/wp\/v2\/types\/post"}],"author":[{"embeddable":true,"href":"https:\/\/jornadasebprioicprj.com.br\/2024\/wp-json\/wp\/v2\/users\/1"}],"replies":[{"embeddable":true,"href":"https:\/\/jornadasebprioicprj.com.br\/2024\/wp-json\/wp\/v2\/comments?post=57707"}],"version-history":[{"count":1,"href":"https:\/\/jornadasebprioicprj.com.br\/2024\/wp-json\/wp\/v2\/posts\/57707\/revisions"}],"predecessor-version":[{"id":57708,"href":"https:\/\/jornadasebprioicprj.com.br\/2024\/wp-json\/wp\/v2\/posts\/57707\/revisions\/57708"}],"wp:attachment":[{"href":"https:\/\/jornadasebprioicprj.com.br\/2024\/wp-json\/wp\/v2\/media?parent=57707"}],"wp:term":[{"taxonomy":"category","embeddable":true,"href":"https:\/\/jornadasebprioicprj.com.br\/2024\/wp-json\/wp\/v2\/categories?post=57707"},{"taxonomy":"post_tag","embeddable":true,"href":"https:\/\/jornadasebprioicprj.com.br\/2024\/wp-json\/wp\/v2\/tags?post=57707"}],"curies":[{"name":"wp","href":"https:\/\/api.w.org\/{rel}","templated":true}]}}