{"id":57647,"date":"2024-06-24T09:25:55","date_gmt":"2024-06-24T12:25:55","guid":{"rendered":"https:\/\/jornadasebprioicprj.com.br\/2024\/?p=57647"},"modified":"2024-06-24T13:49:53","modified_gmt":"2024-06-24T16:49:53","slug":"editorial-despetra-02","status":"publish","type":"post","link":"https:\/\/jornadasebprioicprj.com.br\/2024\/editorial-despetra-02\/","title":{"rendered":"Editorial Despetra #02"},"content":{"rendered":"<h5><em>Elsa Neves <\/em><\/h5>\n<p>O fazer do escultor, o j\u00e1 contido que surge da pedra bruta cortada, as insist\u00eancias, o trivial do encontro entre pedras e perdas e o que \u00e9 irredut\u00edvel ressoam no caminho de uma an\u00e1lise. \u00c9 o que encontraremos ecoando no texto de Marcelo Veras: \u201cEntre perdas e pedras, o caminho de uma an\u00e1lise\u201d, texto que nos convoca \u00e0 pedra e \u00e0 perda em feitio de poema.<\/p>\n<p>O tema das XXXI Jornadas Cl\u00ednicas, \u201cA palavra e a pedra: interpreta\u00e7\u00e3o em an\u00e1lise\u201d, convida a situar a interpreta\u00e7\u00e3o em an\u00e1lise. O que se destaca no texto de Marcelo Veras \u00e9 o <em>entre <\/em>no t\u00edtulo que aponta para um caminho poss\u00edvel. O que no caminho de uma an\u00e1lise pode recortar, contornar pedras e consentir nas perdas que abram para um fazer po\u00e9tico, singular?<\/p>\n<p>Marcelo Veras lembra Da Vinci que inspirou Freud para situar o analista na posi\u00e7\u00e3o do escultor que trabalha na \u201c<em>via di levare<\/em>\u201d, como o que corta a pedra para fazer surgir o que a pedra bruta j\u00e1 continha. Os cortes que a esculpem deixam escultura e restos. Restos de pedra, de perda podem, entretanto, ressoar, repercutir, apesar de sua insist\u00eancia em ser pedra.<\/p>\n<p>O que o texto de Marcelo ilumina \u00e9 o fazer do analista-escultor: cortar para fazer surgir o j\u00e1 esculpido, n\u00e3o sem deixar restos que continuam repercutindo e que orientam o caminho de uma an\u00e1lise.<\/p>\n<p>Jo\u00e3o Cabral, Drummond e Wislawa Szymborska mostram que se pode fazer poesia com pedras corriqueiras, insistentes e que falam.<\/p>\n<p>Em \u201cCatar feij\u00e3o\u201d, a pedra \u00e9 trivial, n\u00e3o deixa de ser encontrada no feij\u00e3o, mas pode ser separada, como nos diz Jo\u00e3o: \u201c[&#8230;] pois, para catar esse feij\u00e3o, soprar nele,\/ e jogar fora o leve e o oco, palha e eco\u201d. No caminho da an\u00e1lise, n\u00e3o s\u00e3o as pedras triviais? N\u00e3o se joga fora a palha, o eco e o oco?<\/p>\n<p>Drummond, com seu poema t\u00e3o famoso, nos d\u00e1 a pedra que insiste em n\u00e3o sair do caminho, perda que \u00e9 pedra, porque n\u00e3o pode ser recuperada, mas que o poema permite contornar com palavras. Marcelo Veras aponta nessa perda e na pedra o caminho para todo analisante.<\/p>\n<p>\u201cConversando com a pedra\u201d, outro poema em que reverbera o tema das pr\u00f3ximas Jornadas, o que Marcelo Veras destaca \u00e9 justamente que as pedras falam, \u201cmas continuam hermeticamente fechadas\u201d e testemunham o \u201cimposs\u00edvel que o fim da an\u00e1lise nos reserva\u201d. O poema de Wislawa conclui a conversa com a pedra, que fala, mas continua hermeticamente fechada: \u201c\u2013 N\u00e3o tenho porta \u2013 diz a pedra.\u201d<\/p>\n<p>O texto de Marcelo \u00e9 um convite mais que precioso para orientar o trabalho de escultor do analista.<\/p>\n<p>&nbsp;<\/p>\n<p>As Jornadas Cl\u00ednicas s\u00e3o um convite para que as pedras que inspiram trabalhos cl\u00ednicos possam conversar nas XXXI Jornadas. Os trabalhos dos analistas construir\u00e3o propostas para as conversa\u00e7\u00f5es dessas Jornadas. Convidamos, ent\u00e3o, para que inscrevam seus trabalhos. Leia na \u00edntegra a chamada e as normas enviadas pela nossa Comiss\u00e3o Cient\u00edfica.<\/p>\n<p>&nbsp;<\/p>\n<p>Acompanhem as XXXI Jornadas Cl\u00ednicas<\/p>\n<p>pelo site: <a href=\"https:\/\/jornadasebprioicprj.com.br\/2024\/\">https:\/\/jornadasebprioicprj.com.br\/2024\/<\/a><\/p>\n<p>pelo Instagram: <a href=\"https:\/\/www.instagram.com\/jornadasebprioicprj\/\">jornadasebprioicprj<\/a><\/p>\n","protected":false},"excerpt":{"rendered":"<p>Elsa Neves O fazer do escultor, o j\u00e1 contido que surge da pedra bruta cortada, as insist\u00eancias, o trivial do encontro entre pedras e perdas e o que \u00e9 irredut\u00edvel ressoam no caminho de uma an\u00e1lise. \u00c9 o que encontraremos ecoando no texto de Marcelo Veras: \u201cEntre perdas e pedras, o caminho de uma an\u00e1lise\u201d,&hellip;<\/p>\n","protected":false},"author":1,"featured_media":0,"comment_status":"open","ping_status":"open","sticky":false,"template":"","format":"standard","meta":{"footnotes":""},"categories":[519],"tags":[],"class_list":["post-57647","post","type-post","status-publish","format-standard","hentry","category-editorial","category-519","description-off"],"_links":{"self":[{"href":"https:\/\/jornadasebprioicprj.com.br\/2024\/wp-json\/wp\/v2\/posts\/57647","targetHints":{"allow":["GET"]}}],"collection":[{"href":"https:\/\/jornadasebprioicprj.com.br\/2024\/wp-json\/wp\/v2\/posts"}],"about":[{"href":"https:\/\/jornadasebprioicprj.com.br\/2024\/wp-json\/wp\/v2\/types\/post"}],"author":[{"embeddable":true,"href":"https:\/\/jornadasebprioicprj.com.br\/2024\/wp-json\/wp\/v2\/users\/1"}],"replies":[{"embeddable":true,"href":"https:\/\/jornadasebprioicprj.com.br\/2024\/wp-json\/wp\/v2\/comments?post=57647"}],"version-history":[{"count":4,"href":"https:\/\/jornadasebprioicprj.com.br\/2024\/wp-json\/wp\/v2\/posts\/57647\/revisions"}],"predecessor-version":[{"id":57655,"href":"https:\/\/jornadasebprioicprj.com.br\/2024\/wp-json\/wp\/v2\/posts\/57647\/revisions\/57655"}],"wp:attachment":[{"href":"https:\/\/jornadasebprioicprj.com.br\/2024\/wp-json\/wp\/v2\/media?parent=57647"}],"wp:term":[{"taxonomy":"category","embeddable":true,"href":"https:\/\/jornadasebprioicprj.com.br\/2024\/wp-json\/wp\/v2\/categories?post=57647"},{"taxonomy":"post_tag","embeddable":true,"href":"https:\/\/jornadasebprioicprj.com.br\/2024\/wp-json\/wp\/v2\/tags?post=57647"}],"curies":[{"name":"wp","href":"https:\/\/api.w.org\/{rel}","templated":true}]}}