{"id":57604,"date":"2024-06-02T05:11:52","date_gmt":"2024-06-02T08:11:52","guid":{"rendered":"https:\/\/jornadasebprioicprj.com.br\/2024\/?p=57604"},"modified":"2024-06-03T18:45:30","modified_gmt":"2024-06-03T21:45:30","slug":"o-trabalho-da-comissao-do-boletim","status":"publish","type":"post","link":"https:\/\/jornadasebprioicprj.com.br\/2024\/o-trabalho-da-comissao-do-boletim\/","title":{"rendered":"O TRABALHO DA COMISS\u00c3O DO BOLETIM"},"content":{"rendered":"<h6><em>Maria Cristina Antonio Jeronimo <\/em><\/h6>\n<h6><em>Ruth Helena Pinto Cohen <\/em><\/h6>\n<p>Saudamos o lan\u00e7amento de abertura oficial das Jornadas Cl\u00ednicas da EBP-Se\u00e7\u00e3o Rio de Janeiro e do ICP-RJ de 2024 dando not\u00edcias sobre um pouco do trabalho que a Comiss\u00e3o do Boletim realizou at\u00e9 aqui. O boletim \u00e9 coordenado por Ruth Helena Pinto Cohen e por mim, Maria Cristina Antonio Jeronimo. Nossa comiss\u00e3o conta com as valiosas contribui\u00e7\u00f5es de Elisa Werlang, Elsa Neves, Felipe Pinheiro e Rodrigo Pedalini.<\/p>\n<p>Iniciamos esse percurso \u00e0s voltas com os significantes que marcar\u00e3o nosso trabalho: palavra e pedra. Tamb\u00e9m foi importante para a comiss\u00e3o dar um passo atr\u00e1s e revisitar e estudar os boletins anteriores, das \u00faltimas cinco jornadas que ocorreram antes desta. A palavra falada ou mesmo a silenciada, a n\u00e3o dita, que sempre nos \u00e9 cara, move o nosso trabalho. E a pedra, elemento de constru\u00e7\u00e3o que do latim <em>petra (-ae<\/em>) j\u00e1 significou discurso e raz\u00e3o, no pensamento grego, o mais profundo de um ser; hoje se imp\u00f5e com protagonismo no nosso caminho.<\/p>\n<p>O principal objetivo desses primeiros meses de trabalho foi batizar nosso boletim \u2013 <strong><em>despetra<\/em><\/strong> \u2013 escolhemos esse neologismo que produz estranhamento, um sem sentido e soa <em>infamiliar. <\/em>\u201cPrimeiro se estranha, depois entranha\u201d.<a href=\"#_ftn1\" name=\"_ftnref1\">[1]<\/a> O <strong>&#8211;<em>des<\/em><\/strong>,<em> usado <\/em>como prefixo poliss\u00eamico, pode indicar nega\u00e7\u00e3o ou revers\u00e3o, dependendo do uso, remete \u00e0 oposi\u00e7\u00e3o, \u00e0 falta, \u00e0 separa\u00e7\u00e3o ou a algo a fazer com<em> a <strong>petra<\/strong><\/em>, que no latim e no grego significa rocha e, no uso freudiano, a da castra\u00e7\u00e3o. \u00c9 uma palavra inventada, que pode ser confundida com outras: despedra, desperta&#8230;<\/p>\n<p>As petrifica\u00e7\u00f5es e as despetrifica\u00e7\u00f5es est\u00e3o ofertadas no nosso dia a dia, seja pelas telas para avan\u00e7ar num <em>game<\/em>, seja nas adi\u00e7\u00f5es sem limites, seja numa saga de um personagem de Harry Potter, cujas v\u00edtimas para serem vivificadas precisam de um exame detalhado para se transmutarem. Como podemos alcan\u00e7ar tal fa\u00e7anha, se, quando imersos no discurso do mestre, o que temos s\u00e3o corpos petrificados? Que recursos nos oferece o discurso anal\u00edtico?<\/p>\n<p>Aqui, todas as pedras nos interessam: a bruta, a lapidada, as abandonadas, as carregadas, aquelas que nos fazem parar, mas, sobretudo, as que indicam uma dire\u00e7\u00e3o, mesmo que pare\u00e7am intranspon\u00edveis. As pedras t\u00eam furo, afinal, \u00e1gua mole em pedra dura&#8230;<\/p>\n<p><strong><em>despetra<\/em><\/strong> tamb\u00e9m trar\u00e1 novidades, al\u00e9m das informa\u00e7\u00f5es das Jornadas, em uma se\u00e7\u00e3o final intitulada \u201cNo caminho&#8230;\u201d. Essa parte final do boletim tentar\u00e1 inspirar a todos com poesias, m\u00fasicas, lugares, coisas inusitadas. Pretendemos construir um ch\u00e3o de palavras e imagens, bom de trilhar, at\u00e9 as Jornadas Cl\u00ednicas de 2024.<\/p>\n<p><strong><em>despetra<\/em><\/strong>, esse ve\u00edculo de informa\u00e7\u00e3o e debate, tem como tarefa tocar e trazer as pedras e as trilhas, os rastros, destas Jornadas, tentando despertar, separar, contornar e tangenciar o real, pela via simb\u00f3lica, qual seja: noticiar e transmitir os produtos das ideias e discuss\u00f5es de todas as comiss\u00f5es que comp\u00f5em essa empreitada das Jornadas Cl\u00ednicas de 2024.<\/p>\n<p>&nbsp;<\/p>\n<hr \/>\n<h6><a href=\"#_ftnref1\" name=\"_ftn1\">[1]<\/a> Dito atribu\u00eddo ao poeta Fernando Pessoa, com rela\u00e7\u00e3o \u00e0 Coca-cola.<\/h6>\n","protected":false},"excerpt":{"rendered":"<p>Maria Cristina Antonio Jeronimo Ruth Helena Pinto Cohen Saudamos o lan\u00e7amento de abertura oficial das Jornadas Cl\u00ednicas da EBP-Se\u00e7\u00e3o Rio de Janeiro e do ICP-RJ de 2024 dando not\u00edcias sobre um pouco do trabalho que a Comiss\u00e3o do Boletim realizou at\u00e9 aqui. O boletim \u00e9 coordenado por Ruth Helena Pinto Cohen e por mim, Maria&hellip;<\/p>\n","protected":false},"author":1,"featured_media":0,"comment_status":"open","ping_status":"open","sticky":false,"template":"","format":"standard","meta":{"footnotes":""},"categories":[520],"tags":[],"class_list":["post-57604","post","type-post","status-publish","format-standard","hentry","category-textos","category-520","description-off"],"_links":{"self":[{"href":"https:\/\/jornadasebprioicprj.com.br\/2024\/wp-json\/wp\/v2\/posts\/57604","targetHints":{"allow":["GET"]}}],"collection":[{"href":"https:\/\/jornadasebprioicprj.com.br\/2024\/wp-json\/wp\/v2\/posts"}],"about":[{"href":"https:\/\/jornadasebprioicprj.com.br\/2024\/wp-json\/wp\/v2\/types\/post"}],"author":[{"embeddable":true,"href":"https:\/\/jornadasebprioicprj.com.br\/2024\/wp-json\/wp\/v2\/users\/1"}],"replies":[{"embeddable":true,"href":"https:\/\/jornadasebprioicprj.com.br\/2024\/wp-json\/wp\/v2\/comments?post=57604"}],"version-history":[{"count":3,"href":"https:\/\/jornadasebprioicprj.com.br\/2024\/wp-json\/wp\/v2\/posts\/57604\/revisions"}],"predecessor-version":[{"id":57631,"href":"https:\/\/jornadasebprioicprj.com.br\/2024\/wp-json\/wp\/v2\/posts\/57604\/revisions\/57631"}],"wp:attachment":[{"href":"https:\/\/jornadasebprioicprj.com.br\/2024\/wp-json\/wp\/v2\/media?parent=57604"}],"wp:term":[{"taxonomy":"category","embeddable":true,"href":"https:\/\/jornadasebprioicprj.com.br\/2024\/wp-json\/wp\/v2\/categories?post=57604"},{"taxonomy":"post_tag","embeddable":true,"href":"https:\/\/jornadasebprioicprj.com.br\/2024\/wp-json\/wp\/v2\/tags?post=57604"}],"curies":[{"name":"wp","href":"https:\/\/api.w.org\/{rel}","templated":true}]}}