{"id":772,"date":"2021-11-04T07:21:41","date_gmt":"2021-11-04T10:21:41","guid":{"rendered":"https:\/\/jornadasebprioicprj.com.br\/2021\/?p=772"},"modified":"2021-11-04T07:21:41","modified_gmt":"2021-11-04T10:21:41","slug":"ressonancias-da-ii-preparatoria-o-nome-do-medo","status":"publish","type":"post","link":"https:\/\/jornadasebprioicprj.com.br\/2021\/ressonancias-da-ii-preparatoria-o-nome-do-medo\/","title":{"rendered":"Resson\u00e2ncias da II Preparat\u00f3ria: O Nome do medo"},"content":{"rendered":"<h6><em>Por Maria L\u00eddia Alencar<\/em><\/h6>\n<p><strong><em>\u201ca gente n\u00e3o sabe o lugar certo de colocar o desejo\u201d (Pecado Original, Caetano Veloso)<\/em><\/strong><\/p>\n<p>A artista visual Rivane Neuenschwander esteve presente entre n\u00f3s para falar de seu trabalho e de antem\u00e3o define que, quanto a ela, seu ato como artista \u00e9 uma via para aflorar o inconsciente. A artista, de proje\u00e7\u00e3o internacional &#8211; Veneza (2003\/2005), S. Paulo (2006\/2008), Londres (Tate Modern), MG (Inhotim), nos brindou com alguns coment\u00e1rios sobre as exposi\u00e7\u00f5es \u201cEu desejo o teu desejo\u201d e \u201cNome do medo\u201d. Os trabalhos s\u00e3o produzidos coletivamente, mas surgem num movimento que vai do particular para o coletivo, em que os participantes escrevem, desenham, garatujam, e confeccionam nomes para o desejo e\/ou para o medo. Ao longo dos anos, a artista se deu conta de que o nome <strong><em>desejos<\/em><\/strong> era impr\u00f3prio, eram <strong><em>sombrios desejos<\/em><\/strong>, talvez fossem <strong><em>medos<\/em><\/strong>. Essa decanta\u00e7\u00e3o dos nomes transformou a proposta, que passou a ser a de dar nomes ao medo. Camadas temporais, m\u00faltiplas, se enodam nos objetos constru\u00eddos \u2013 desenhos se tornam croquis de capas a construir e portar, nos corpos, circulando pela cidade. Circulando pela cidade, as crian\u00e7as, com suas capas, lan\u00e7avam o singular no coletivo.<\/p>\n<p><strong><em>\u201cara\u00e7\u00e1-azul, fica sendo o nome mais belo do medo\/ara\u00e7\u00e1-azul \u00e9 brinquedo\u201d (Ara\u00e7\u00e1-azul, Caetano Veloso)<\/em><\/strong><\/p>\n<p>Para Rivane: <em>\u201cal\u00e9m de ser um desenho, a grafia da crian\u00e7a est\u00e1 antes da linguagem (caderninhos, garatujas, l\u00edngua estrangeira), e as palavras vem como m\u00fasica, caindo que nem chuva&#8230;\u201d <\/em>Sua obra nos toca a todos, como respostas de vida, ao Real, ao horror, e a tor\u00e7\u00e3o que ela opera, entre o desejo, a ang\u00fastia e o medo, nos ensina, aos psicanalistas, que o artista sempre se antecipa na mat\u00e9ria que \u00e9 a nossa.<\/p>\n<p><strong><em>\u201cvestimos panos de medo, de medo, vermelhos rios vadeamos\u201d (O Medo, Carlos Drummond de Andrade)<\/em><\/strong><\/p>\n","protected":false},"excerpt":{"rendered":"<p>Por Maria L\u00eddia Alencar \u201ca gente n\u00e3o sabe o lugar certo de colocar o desejo\u201d (Pecado Original, Caetano Veloso) A artista visual Rivane Neuenschwander esteve presente entre n\u00f3s para falar de seu trabalho e de antem\u00e3o define que, quanto a ela, seu ato como artista \u00e9 uma via para aflorar o inconsciente. A artista, de [&hellip;]<\/p>\n","protected":false},"author":1,"featured_media":0,"comment_status":"closed","ping_status":"closed","sticky":false,"template":"","format":"standard","meta":{"footnotes":""},"categories":[26],"tags":[],"class_list":["post-772","post","type-post","status-publish","format-standard","hentry","category-boletim-gps"],"yoast_head":"<!-- This site is optimized with the Yoast SEO plugin v27.5 - https:\/\/yoast.com\/product\/yoast-seo-wordpress\/ -->\n<title>Resson\u00e2ncias da II Preparat\u00f3ria: O Nome do medo - Jornadas EBP RIO e ICPRJ<\/title>\n<meta name=\"robots\" content=\"index, follow, max-snippet:-1, max-image-preview:large, max-video-preview:-1\" \/>\n<link rel=\"canonical\" href=\"https:\/\/jornadasebprioicprj.com.br\/2021\/ressonancias-da-ii-preparatoria-o-nome-do-medo\/\" \/>\n<meta property=\"og:locale\" content=\"pt_BR\" \/>\n<meta property=\"og:type\" content=\"article\" \/>\n<meta property=\"og:title\" content=\"Resson\u00e2ncias da II Preparat\u00f3ria: O Nome do medo - Jornadas EBP RIO e ICPRJ\" \/>\n<meta property=\"og:description\" content=\"Por Maria L\u00eddia Alencar \u201ca gente n\u00e3o sabe o lugar certo de colocar o desejo\u201d (Pecado Original, Caetano Veloso) A artista visual Rivane Neuenschwander esteve presente entre n\u00f3s para falar de seu trabalho e de antem\u00e3o define que, quanto a ela, seu ato como artista \u00e9 uma via para aflorar o inconsciente. A artista, de [&hellip;]\" \/>\n<meta property=\"og:url\" content=\"https:\/\/jornadasebprioicprj.com.br\/2021\/ressonancias-da-ii-preparatoria-o-nome-do-medo\/\" \/>\n<meta property=\"og:site_name\" content=\"Jornadas EBP RIO e ICPRJ\" \/>\n<meta property=\"article:published_time\" content=\"2021-11-04T10:21:41+00:00\" \/>\n<meta name=\"author\" content=\"jornadas\" \/>\n<meta name=\"twitter:card\" content=\"summary_large_image\" \/>\n<meta name=\"twitter:label1\" content=\"Escrito por\" \/>\n\t<meta name=\"twitter:data1\" content=\"jornadas\" \/>\n\t<meta name=\"twitter:label2\" content=\"Est. tempo de leitura\" \/>\n\t<meta name=\"twitter:data2\" content=\"2 minutos\" \/>\n<script type=\"application\/ld+json\" class=\"yoast-schema-graph\">{\"@context\":\"https:\\\/\\\/schema.org\",\"@graph\":[{\"@type\":\"Article\",\"@id\":\"https:\\\/\\\/jornadasebprioicprj.com.br\\\/2021\\\/ressonancias-da-ii-preparatoria-o-nome-do-medo\\\/#article\",\"isPartOf\":{\"@id\":\"https:\\\/\\\/jornadasebprioicprj.com.br\\\/2021\\\/ressonancias-da-ii-preparatoria-o-nome-do-medo\\\/\"},\"author\":{\"name\":\"jornadas\",\"@id\":\"https:\\\/\\\/jornadasebprioicprj.com.br\\\/2021\\\/#\\\/schema\\\/person\\\/a877eeb013edee082dbca99cad8bfc67\"},\"headline\":\"Resson\u00e2ncias da II Preparat\u00f3ria: O Nome do medo\",\"datePublished\":\"2021-11-04T10:21:41+00:00\",\"mainEntityOfPage\":{\"@id\":\"https:\\\/\\\/jornadasebprioicprj.com.br\\\/2021\\\/ressonancias-da-ii-preparatoria-o-nome-do-medo\\\/\"},\"wordCount\":326,\"articleSection\":[\"Boletim GPS\"],\"inLanguage\":\"pt-BR\"},{\"@type\":\"WebPage\",\"@id\":\"https:\\\/\\\/jornadasebprioicprj.com.br\\\/2021\\\/ressonancias-da-ii-preparatoria-o-nome-do-medo\\\/\",\"url\":\"https:\\\/\\\/jornadasebprioicprj.com.br\\\/2021\\\/ressonancias-da-ii-preparatoria-o-nome-do-medo\\\/\",\"name\":\"Resson\u00e2ncias da II Preparat\u00f3ria: O Nome do medo - Jornadas EBP RIO e ICPRJ\",\"isPartOf\":{\"@id\":\"https:\\\/\\\/jornadasebprioicprj.com.br\\\/2021\\\/#website\"},\"datePublished\":\"2021-11-04T10:21:41+00:00\",\"author\":{\"@id\":\"https:\\\/\\\/jornadasebprioicprj.com.br\\\/2021\\\/#\\\/schema\\\/person\\\/a877eeb013edee082dbca99cad8bfc67\"},\"breadcrumb\":{\"@id\":\"https:\\\/\\\/jornadasebprioicprj.com.br\\\/2021\\\/ressonancias-da-ii-preparatoria-o-nome-do-medo\\\/#breadcrumb\"},\"inLanguage\":\"pt-BR\",\"potentialAction\":[{\"@type\":\"ReadAction\",\"target\":[\"https:\\\/\\\/jornadasebprioicprj.com.br\\\/2021\\\/ressonancias-da-ii-preparatoria-o-nome-do-medo\\\/\"]}]},{\"@type\":\"BreadcrumbList\",\"@id\":\"https:\\\/\\\/jornadasebprioicprj.com.br\\\/2021\\\/ressonancias-da-ii-preparatoria-o-nome-do-medo\\\/#breadcrumb\",\"itemListElement\":[{\"@type\":\"ListItem\",\"position\":1,\"name\":\"In\u00edcio\",\"item\":\"https:\\\/\\\/jornadasebprioicprj.com.br\\\/2021\\\/\"},{\"@type\":\"ListItem\",\"position\":2,\"name\":\"Resson\u00e2ncias da II Preparat\u00f3ria: O Nome do medo\"}]},{\"@type\":\"WebSite\",\"@id\":\"https:\\\/\\\/jornadasebprioicprj.com.br\\\/2021\\\/#website\",\"url\":\"https:\\\/\\\/jornadasebprioicprj.com.br\\\/2021\\\/\",\"name\":\"Jornadas EBP RIO e ICPRJ\",\"description\":\"Escola Brasileira de Psican\u00e1lise\",\"potentialAction\":[{\"@type\":\"SearchAction\",\"target\":{\"@type\":\"EntryPoint\",\"urlTemplate\":\"https:\\\/\\\/jornadasebprioicprj.com.br\\\/2021\\\/?s={search_term_string}\"},\"query-input\":{\"@type\":\"PropertyValueSpecification\",\"valueRequired\":true,\"valueName\":\"search_term_string\"}}],\"inLanguage\":\"pt-BR\"},{\"@type\":\"Person\",\"@id\":\"https:\\\/\\\/jornadasebprioicprj.com.br\\\/2021\\\/#\\\/schema\\\/person\\\/a877eeb013edee082dbca99cad8bfc67\",\"name\":\"jornadas\",\"image\":{\"@type\":\"ImageObject\",\"inLanguage\":\"pt-BR\",\"@id\":\"https:\\\/\\\/secure.gravatar.com\\\/avatar\\\/d60d0f34e016dd50f9c3df6f5f4269aafa63cefe878ea546810736b04c310191?s=96&d=mm&r=g\",\"url\":\"https:\\\/\\\/secure.gravatar.com\\\/avatar\\\/d60d0f34e016dd50f9c3df6f5f4269aafa63cefe878ea546810736b04c310191?s=96&d=mm&r=g\",\"contentUrl\":\"https:\\\/\\\/secure.gravatar.com\\\/avatar\\\/d60d0f34e016dd50f9c3df6f5f4269aafa63cefe878ea546810736b04c310191?s=96&d=mm&r=g\",\"caption\":\"jornadas\"},\"sameAs\":[\"http:\\\/\\\/jornadasebprioicprj.com.br\\\/2021\"],\"url\":\"https:\\\/\\\/jornadasebprioicprj.com.br\\\/2021\\\/author\\\/jornadas\\\/\"}]}<\/script>\n<!-- \/ Yoast SEO plugin. -->","yoast_head_json":{"title":"Resson\u00e2ncias da II Preparat\u00f3ria: O Nome do medo - Jornadas EBP RIO e ICPRJ","robots":{"index":"index","follow":"follow","max-snippet":"max-snippet:-1","max-image-preview":"max-image-preview:large","max-video-preview":"max-video-preview:-1"},"canonical":"https:\/\/jornadasebprioicprj.com.br\/2021\/ressonancias-da-ii-preparatoria-o-nome-do-medo\/","og_locale":"pt_BR","og_type":"article","og_title":"Resson\u00e2ncias da II Preparat\u00f3ria: O Nome do medo - Jornadas EBP RIO e ICPRJ","og_description":"Por Maria L\u00eddia Alencar \u201ca gente n\u00e3o sabe o lugar certo de colocar o desejo\u201d (Pecado Original, Caetano Veloso) A artista visual Rivane Neuenschwander esteve presente entre n\u00f3s para falar de seu trabalho e de antem\u00e3o define que, quanto a ela, seu ato como artista \u00e9 uma via para aflorar o inconsciente. A artista, de [&hellip;]","og_url":"https:\/\/jornadasebprioicprj.com.br\/2021\/ressonancias-da-ii-preparatoria-o-nome-do-medo\/","og_site_name":"Jornadas EBP RIO e ICPRJ","article_published_time":"2021-11-04T10:21:41+00:00","author":"jornadas","twitter_card":"summary_large_image","twitter_misc":{"Escrito por":"jornadas","Est. tempo de leitura":"2 minutos"},"schema":{"@context":"https:\/\/schema.org","@graph":[{"@type":"Article","@id":"https:\/\/jornadasebprioicprj.com.br\/2021\/ressonancias-da-ii-preparatoria-o-nome-do-medo\/#article","isPartOf":{"@id":"https:\/\/jornadasebprioicprj.com.br\/2021\/ressonancias-da-ii-preparatoria-o-nome-do-medo\/"},"author":{"name":"jornadas","@id":"https:\/\/jornadasebprioicprj.com.br\/2021\/#\/schema\/person\/a877eeb013edee082dbca99cad8bfc67"},"headline":"Resson\u00e2ncias da II Preparat\u00f3ria: O Nome do medo","datePublished":"2021-11-04T10:21:41+00:00","mainEntityOfPage":{"@id":"https:\/\/jornadasebprioicprj.com.br\/2021\/ressonancias-da-ii-preparatoria-o-nome-do-medo\/"},"wordCount":326,"articleSection":["Boletim GPS"],"inLanguage":"pt-BR"},{"@type":"WebPage","@id":"https:\/\/jornadasebprioicprj.com.br\/2021\/ressonancias-da-ii-preparatoria-o-nome-do-medo\/","url":"https:\/\/jornadasebprioicprj.com.br\/2021\/ressonancias-da-ii-preparatoria-o-nome-do-medo\/","name":"Resson\u00e2ncias da II Preparat\u00f3ria: O Nome do medo - Jornadas EBP RIO e ICPRJ","isPartOf":{"@id":"https:\/\/jornadasebprioicprj.com.br\/2021\/#website"},"datePublished":"2021-11-04T10:21:41+00:00","author":{"@id":"https:\/\/jornadasebprioicprj.com.br\/2021\/#\/schema\/person\/a877eeb013edee082dbca99cad8bfc67"},"breadcrumb":{"@id":"https:\/\/jornadasebprioicprj.com.br\/2021\/ressonancias-da-ii-preparatoria-o-nome-do-medo\/#breadcrumb"},"inLanguage":"pt-BR","potentialAction":[{"@type":"ReadAction","target":["https:\/\/jornadasebprioicprj.com.br\/2021\/ressonancias-da-ii-preparatoria-o-nome-do-medo\/"]}]},{"@type":"BreadcrumbList","@id":"https:\/\/jornadasebprioicprj.com.br\/2021\/ressonancias-da-ii-preparatoria-o-nome-do-medo\/#breadcrumb","itemListElement":[{"@type":"ListItem","position":1,"name":"In\u00edcio","item":"https:\/\/jornadasebprioicprj.com.br\/2021\/"},{"@type":"ListItem","position":2,"name":"Resson\u00e2ncias da II Preparat\u00f3ria: O Nome do medo"}]},{"@type":"WebSite","@id":"https:\/\/jornadasebprioicprj.com.br\/2021\/#website","url":"https:\/\/jornadasebprioicprj.com.br\/2021\/","name":"Jornadas EBP RIO e ICPRJ","description":"Escola Brasileira de Psican\u00e1lise","potentialAction":[{"@type":"SearchAction","target":{"@type":"EntryPoint","urlTemplate":"https:\/\/jornadasebprioicprj.com.br\/2021\/?s={search_term_string}"},"query-input":{"@type":"PropertyValueSpecification","valueRequired":true,"valueName":"search_term_string"}}],"inLanguage":"pt-BR"},{"@type":"Person","@id":"https:\/\/jornadasebprioicprj.com.br\/2021\/#\/schema\/person\/a877eeb013edee082dbca99cad8bfc67","name":"jornadas","image":{"@type":"ImageObject","inLanguage":"pt-BR","@id":"https:\/\/secure.gravatar.com\/avatar\/d60d0f34e016dd50f9c3df6f5f4269aafa63cefe878ea546810736b04c310191?s=96&d=mm&r=g","url":"https:\/\/secure.gravatar.com\/avatar\/d60d0f34e016dd50f9c3df6f5f4269aafa63cefe878ea546810736b04c310191?s=96&d=mm&r=g","contentUrl":"https:\/\/secure.gravatar.com\/avatar\/d60d0f34e016dd50f9c3df6f5f4269aafa63cefe878ea546810736b04c310191?s=96&d=mm&r=g","caption":"jornadas"},"sameAs":["http:\/\/jornadasebprioicprj.com.br\/2021"],"url":"https:\/\/jornadasebprioicprj.com.br\/2021\/author\/jornadas\/"}]}},"_links":{"self":[{"href":"https:\/\/jornadasebprioicprj.com.br\/2021\/wp-json\/wp\/v2\/posts\/772","targetHints":{"allow":["GET"]}}],"collection":[{"href":"https:\/\/jornadasebprioicprj.com.br\/2021\/wp-json\/wp\/v2\/posts"}],"about":[{"href":"https:\/\/jornadasebprioicprj.com.br\/2021\/wp-json\/wp\/v2\/types\/post"}],"author":[{"embeddable":true,"href":"https:\/\/jornadasebprioicprj.com.br\/2021\/wp-json\/wp\/v2\/users\/1"}],"replies":[{"embeddable":true,"href":"https:\/\/jornadasebprioicprj.com.br\/2021\/wp-json\/wp\/v2\/comments?post=772"}],"version-history":[{"count":1,"href":"https:\/\/jornadasebprioicprj.com.br\/2021\/wp-json\/wp\/v2\/posts\/772\/revisions"}],"predecessor-version":[{"id":773,"href":"https:\/\/jornadasebprioicprj.com.br\/2021\/wp-json\/wp\/v2\/posts\/772\/revisions\/773"}],"wp:attachment":[{"href":"https:\/\/jornadasebprioicprj.com.br\/2021\/wp-json\/wp\/v2\/media?parent=772"}],"wp:term":[{"taxonomy":"category","embeddable":true,"href":"https:\/\/jornadasebprioicprj.com.br\/2021\/wp-json\/wp\/v2\/categories?post=772"},{"taxonomy":"post_tag","embeddable":true,"href":"https:\/\/jornadasebprioicprj.com.br\/2021\/wp-json\/wp\/v2\/tags?post=772"}],"curies":[{"name":"wp","href":"https:\/\/api.w.org\/{rel}","templated":true}]}}