{"id":703,"date":"2021-09-29T06:07:43","date_gmt":"2021-09-29T09:07:43","guid":{"rendered":"https:\/\/jornadasebprioicprj.com.br\/2021\/?p=703"},"modified":"2021-09-29T18:01:43","modified_gmt":"2021-09-29T21:01:43","slug":"nomeacoes-queer-ressonancias","status":"publish","type":"post","link":"https:\/\/jornadasebprioicprj.com.br\/2021\/nomeacoes-queer-ressonancias\/","title":{"rendered":"NOMEA\u00c7\u00d5ES QUEER &#8211; RESSON\u00c2NCIAS"},"content":{"rendered":"<h6><em>Por Vanda Assump\u00e7\u00e3o Almeida<\/em><\/h6>\n<p>Fabi\u00e1n Fajnwaks, em nossa primeira preparat\u00f3ria sobre as pr\u00f3ximas Jornadas da EBP-Rio\/ICP-RJ &#8211;<em>Nomes da Vida &#8211;<\/em>, teceu, com a fineza que lhe \u00e9 pr\u00f3pria, os labirintos por onde se escrevem essas nomea\u00e7\u00f5es e, mais uma vez, se confirmou a responsabilidade que n\u00f3s, analistas, temos em sustentar a psican\u00e1lise no mundo.<\/p>\n<p>Fruto da nossa escuta, seu texto nos suscitou algumas resson\u00e2ncias, dentre elas destacamos: quais os efeitos nas subjetividades do esvaziamento das balizas simb\u00f3licas na civiliza\u00e7\u00e3o e do empuxo ao gozo, promulgado pelo n\u00e3o-todo do gozo feminino, aliado ao discurso da ci\u00eancia e suas ofertas tecnol\u00f3gicas, que sugerem a possibilidade do tudo fazer, e, inclusive, tamponar o encontro com real dos sexos?<\/p>\n<p>Estamos, assim, no campo f\u00e9rtil onde os arranjos florescem em meio ao discurso da ci\u00eancia. Arranjos que se d\u00e3o atrav\u00e9s de nomea\u00e7\u00f5es que visam ao novo e ao n\u00e3o normativo. A quest\u00e3o que se coloca \u00e9 que essas novas nomea\u00e7\u00f5es prov\u00eam de arranjos, modalidades de gozo, de la\u00e7o, pela via identit\u00e1ria, e n\u00e3o da identifica\u00e7\u00e3o ao Outro. Portanto, s\u00e3o nomea\u00e7\u00f5es n\u00e3o oriundas da an\u00e1lise e do esvaziamento do lugar do Outro, onde o analisando forja um nome pr\u00f3prio de sinthoma, como nos diz Fabi\u00e1n.<\/p>\n<p>Ainda, diante dessa perspectiva, mostra-se o qu\u00e3o imperioso \u00e9 ocupar nosso espa\u00e7o na cultura. Vimos uma crescente demanda de sujeitos, ainda crian\u00e7as, que sequer chegaram \u00e0 puberdade dizendo-se trans, numa \u201ccerteza precoce\u201d da necessidade de transi\u00e7\u00e3o. A quest\u00e3o que se coloca \u00e9, justamente, a demanda tamb\u00e9m precoce dos pais, que buscam a transi\u00e7\u00e3o de sexo como modo de aliviar o sofrimento da crian\u00e7a. Respondendo \u00e0 pergunta inicial, podemos afirmar que cada vez mais o discurso psicanal\u00edtico deve se fazer presente na busca de protocolos que deem lugar \u00e0 dial\u00e9tica da fala em vez dos protocolos de bloqueio do desenvolvimento da puberdade, como disse Eric Laurent nas \u00faltimas Jornadas sobre a crian\u00e7a em Paris<strong>. <\/strong><\/p>\n","protected":false},"excerpt":{"rendered":"<p>Por Vanda Assump\u00e7\u00e3o Almeida Fabi\u00e1n Fajnwaks, em nossa primeira preparat\u00f3ria sobre as pr\u00f3ximas Jornadas da EBP-Rio\/ICP-RJ &#8211;Nomes da Vida &#8211;, teceu, com a fineza que lhe \u00e9 pr\u00f3pria, os labirintos por onde se escrevem essas nomea\u00e7\u00f5es e, mais uma vez, se confirmou a responsabilidade que n\u00f3s, analistas, temos em sustentar a psican\u00e1lise no mundo. Fruto [&hellip;]<\/p>\n","protected":false},"author":1,"featured_media":0,"comment_status":"closed","ping_status":"closed","sticky":false,"template":"","format":"standard","meta":{"footnotes":""},"categories":[26],"tags":[],"class_list":["post-703","post","type-post","status-publish","format-standard","hentry","category-boletim-gps"],"yoast_head":"<!-- This site is optimized with the Yoast SEO plugin v27.5 - https:\/\/yoast.com\/product\/yoast-seo-wordpress\/ -->\n<title>NOMEA\u00c7\u00d5ES QUEER - RESSON\u00c2NCIAS - Jornadas EBP RIO e ICPRJ<\/title>\n<meta name=\"robots\" content=\"index, follow, max-snippet:-1, max-image-preview:large, max-video-preview:-1\" \/>\n<link rel=\"canonical\" href=\"https:\/\/jornadasebprioicprj.com.br\/2021\/nomeacoes-queer-ressonancias\/\" \/>\n<meta property=\"og:locale\" content=\"pt_BR\" \/>\n<meta property=\"og:type\" content=\"article\" \/>\n<meta property=\"og:title\" content=\"NOMEA\u00c7\u00d5ES QUEER - RESSON\u00c2NCIAS - Jornadas EBP RIO e ICPRJ\" \/>\n<meta property=\"og:description\" content=\"Por Vanda Assump\u00e7\u00e3o Almeida Fabi\u00e1n Fajnwaks, em nossa primeira preparat\u00f3ria sobre as pr\u00f3ximas Jornadas da EBP-Rio\/ICP-RJ &#8211;Nomes da Vida &#8211;, teceu, com a fineza que lhe \u00e9 pr\u00f3pria, os labirintos por onde se escrevem essas nomea\u00e7\u00f5es e, mais uma vez, se confirmou a responsabilidade que n\u00f3s, analistas, temos em sustentar a psican\u00e1lise no mundo. Fruto [&hellip;]\" \/>\n<meta property=\"og:url\" content=\"https:\/\/jornadasebprioicprj.com.br\/2021\/nomeacoes-queer-ressonancias\/\" \/>\n<meta property=\"og:site_name\" content=\"Jornadas EBP RIO e ICPRJ\" \/>\n<meta property=\"article:published_time\" content=\"2021-09-29T09:07:43+00:00\" \/>\n<meta property=\"article:modified_time\" content=\"2021-09-29T21:01:43+00:00\" \/>\n<meta name=\"author\" content=\"jornadas\" \/>\n<meta name=\"twitter:card\" content=\"summary_large_image\" \/>\n<meta name=\"twitter:label1\" content=\"Escrito por\" \/>\n\t<meta name=\"twitter:data1\" content=\"jornadas\" \/>\n\t<meta name=\"twitter:label2\" content=\"Est. tempo de leitura\" \/>\n\t<meta name=\"twitter:data2\" content=\"2 minutos\" \/>\n<script type=\"application\/ld+json\" class=\"yoast-schema-graph\">{\"@context\":\"https:\\\/\\\/schema.org\",\"@graph\":[{\"@type\":\"Article\",\"@id\":\"https:\\\/\\\/jornadasebprioicprj.com.br\\\/2021\\\/nomeacoes-queer-ressonancias\\\/#article\",\"isPartOf\":{\"@id\":\"https:\\\/\\\/jornadasebprioicprj.com.br\\\/2021\\\/nomeacoes-queer-ressonancias\\\/\"},\"author\":{\"name\":\"jornadas\",\"@id\":\"https:\\\/\\\/jornadasebprioicprj.com.br\\\/2021\\\/#\\\/schema\\\/person\\\/a877eeb013edee082dbca99cad8bfc67\"},\"headline\":\"NOMEA\u00c7\u00d5ES QUEER &#8211; RESSON\u00c2NCIAS\",\"datePublished\":\"2021-09-29T09:07:43+00:00\",\"dateModified\":\"2021-09-29T21:01:43+00:00\",\"mainEntityOfPage\":{\"@id\":\"https:\\\/\\\/jornadasebprioicprj.com.br\\\/2021\\\/nomeacoes-queer-ressonancias\\\/\"},\"wordCount\":356,\"articleSection\":[\"Boletim GPS\"],\"inLanguage\":\"pt-BR\"},{\"@type\":\"WebPage\",\"@id\":\"https:\\\/\\\/jornadasebprioicprj.com.br\\\/2021\\\/nomeacoes-queer-ressonancias\\\/\",\"url\":\"https:\\\/\\\/jornadasebprioicprj.com.br\\\/2021\\\/nomeacoes-queer-ressonancias\\\/\",\"name\":\"NOMEA\u00c7\u00d5ES QUEER - RESSON\u00c2NCIAS - Jornadas EBP RIO e ICPRJ\",\"isPartOf\":{\"@id\":\"https:\\\/\\\/jornadasebprioicprj.com.br\\\/2021\\\/#website\"},\"datePublished\":\"2021-09-29T09:07:43+00:00\",\"dateModified\":\"2021-09-29T21:01:43+00:00\",\"author\":{\"@id\":\"https:\\\/\\\/jornadasebprioicprj.com.br\\\/2021\\\/#\\\/schema\\\/person\\\/a877eeb013edee082dbca99cad8bfc67\"},\"breadcrumb\":{\"@id\":\"https:\\\/\\\/jornadasebprioicprj.com.br\\\/2021\\\/nomeacoes-queer-ressonancias\\\/#breadcrumb\"},\"inLanguage\":\"pt-BR\",\"potentialAction\":[{\"@type\":\"ReadAction\",\"target\":[\"https:\\\/\\\/jornadasebprioicprj.com.br\\\/2021\\\/nomeacoes-queer-ressonancias\\\/\"]}]},{\"@type\":\"BreadcrumbList\",\"@id\":\"https:\\\/\\\/jornadasebprioicprj.com.br\\\/2021\\\/nomeacoes-queer-ressonancias\\\/#breadcrumb\",\"itemListElement\":[{\"@type\":\"ListItem\",\"position\":1,\"name\":\"In\u00edcio\",\"item\":\"https:\\\/\\\/jornadasebprioicprj.com.br\\\/2021\\\/\"},{\"@type\":\"ListItem\",\"position\":2,\"name\":\"NOMEA\u00c7\u00d5ES QUEER &#8211; RESSON\u00c2NCIAS\"}]},{\"@type\":\"WebSite\",\"@id\":\"https:\\\/\\\/jornadasebprioicprj.com.br\\\/2021\\\/#website\",\"url\":\"https:\\\/\\\/jornadasebprioicprj.com.br\\\/2021\\\/\",\"name\":\"Jornadas EBP RIO e ICPRJ\",\"description\":\"Escola Brasileira de Psican\u00e1lise\",\"potentialAction\":[{\"@type\":\"SearchAction\",\"target\":{\"@type\":\"EntryPoint\",\"urlTemplate\":\"https:\\\/\\\/jornadasebprioicprj.com.br\\\/2021\\\/?s={search_term_string}\"},\"query-input\":{\"@type\":\"PropertyValueSpecification\",\"valueRequired\":true,\"valueName\":\"search_term_string\"}}],\"inLanguage\":\"pt-BR\"},{\"@type\":\"Person\",\"@id\":\"https:\\\/\\\/jornadasebprioicprj.com.br\\\/2021\\\/#\\\/schema\\\/person\\\/a877eeb013edee082dbca99cad8bfc67\",\"name\":\"jornadas\",\"image\":{\"@type\":\"ImageObject\",\"inLanguage\":\"pt-BR\",\"@id\":\"https:\\\/\\\/secure.gravatar.com\\\/avatar\\\/d60d0f34e016dd50f9c3df6f5f4269aafa63cefe878ea546810736b04c310191?s=96&d=mm&r=g\",\"url\":\"https:\\\/\\\/secure.gravatar.com\\\/avatar\\\/d60d0f34e016dd50f9c3df6f5f4269aafa63cefe878ea546810736b04c310191?s=96&d=mm&r=g\",\"contentUrl\":\"https:\\\/\\\/secure.gravatar.com\\\/avatar\\\/d60d0f34e016dd50f9c3df6f5f4269aafa63cefe878ea546810736b04c310191?s=96&d=mm&r=g\",\"caption\":\"jornadas\"},\"sameAs\":[\"http:\\\/\\\/jornadasebprioicprj.com.br\\\/2021\"],\"url\":\"https:\\\/\\\/jornadasebprioicprj.com.br\\\/2021\\\/author\\\/jornadas\\\/\"}]}<\/script>\n<!-- \/ Yoast SEO plugin. -->","yoast_head_json":{"title":"NOMEA\u00c7\u00d5ES QUEER - RESSON\u00c2NCIAS - Jornadas EBP RIO e ICPRJ","robots":{"index":"index","follow":"follow","max-snippet":"max-snippet:-1","max-image-preview":"max-image-preview:large","max-video-preview":"max-video-preview:-1"},"canonical":"https:\/\/jornadasebprioicprj.com.br\/2021\/nomeacoes-queer-ressonancias\/","og_locale":"pt_BR","og_type":"article","og_title":"NOMEA\u00c7\u00d5ES QUEER - RESSON\u00c2NCIAS - Jornadas EBP RIO e ICPRJ","og_description":"Por Vanda Assump\u00e7\u00e3o Almeida Fabi\u00e1n Fajnwaks, em nossa primeira preparat\u00f3ria sobre as pr\u00f3ximas Jornadas da EBP-Rio\/ICP-RJ &#8211;Nomes da Vida &#8211;, teceu, com a fineza que lhe \u00e9 pr\u00f3pria, os labirintos por onde se escrevem essas nomea\u00e7\u00f5es e, mais uma vez, se confirmou a responsabilidade que n\u00f3s, analistas, temos em sustentar a psican\u00e1lise no mundo. Fruto [&hellip;]","og_url":"https:\/\/jornadasebprioicprj.com.br\/2021\/nomeacoes-queer-ressonancias\/","og_site_name":"Jornadas EBP RIO e ICPRJ","article_published_time":"2021-09-29T09:07:43+00:00","article_modified_time":"2021-09-29T21:01:43+00:00","author":"jornadas","twitter_card":"summary_large_image","twitter_misc":{"Escrito por":"jornadas","Est. tempo de leitura":"2 minutos"},"schema":{"@context":"https:\/\/schema.org","@graph":[{"@type":"Article","@id":"https:\/\/jornadasebprioicprj.com.br\/2021\/nomeacoes-queer-ressonancias\/#article","isPartOf":{"@id":"https:\/\/jornadasebprioicprj.com.br\/2021\/nomeacoes-queer-ressonancias\/"},"author":{"name":"jornadas","@id":"https:\/\/jornadasebprioicprj.com.br\/2021\/#\/schema\/person\/a877eeb013edee082dbca99cad8bfc67"},"headline":"NOMEA\u00c7\u00d5ES QUEER &#8211; RESSON\u00c2NCIAS","datePublished":"2021-09-29T09:07:43+00:00","dateModified":"2021-09-29T21:01:43+00:00","mainEntityOfPage":{"@id":"https:\/\/jornadasebprioicprj.com.br\/2021\/nomeacoes-queer-ressonancias\/"},"wordCount":356,"articleSection":["Boletim GPS"],"inLanguage":"pt-BR"},{"@type":"WebPage","@id":"https:\/\/jornadasebprioicprj.com.br\/2021\/nomeacoes-queer-ressonancias\/","url":"https:\/\/jornadasebprioicprj.com.br\/2021\/nomeacoes-queer-ressonancias\/","name":"NOMEA\u00c7\u00d5ES QUEER - RESSON\u00c2NCIAS - Jornadas EBP RIO e ICPRJ","isPartOf":{"@id":"https:\/\/jornadasebprioicprj.com.br\/2021\/#website"},"datePublished":"2021-09-29T09:07:43+00:00","dateModified":"2021-09-29T21:01:43+00:00","author":{"@id":"https:\/\/jornadasebprioicprj.com.br\/2021\/#\/schema\/person\/a877eeb013edee082dbca99cad8bfc67"},"breadcrumb":{"@id":"https:\/\/jornadasebprioicprj.com.br\/2021\/nomeacoes-queer-ressonancias\/#breadcrumb"},"inLanguage":"pt-BR","potentialAction":[{"@type":"ReadAction","target":["https:\/\/jornadasebprioicprj.com.br\/2021\/nomeacoes-queer-ressonancias\/"]}]},{"@type":"BreadcrumbList","@id":"https:\/\/jornadasebprioicprj.com.br\/2021\/nomeacoes-queer-ressonancias\/#breadcrumb","itemListElement":[{"@type":"ListItem","position":1,"name":"In\u00edcio","item":"https:\/\/jornadasebprioicprj.com.br\/2021\/"},{"@type":"ListItem","position":2,"name":"NOMEA\u00c7\u00d5ES QUEER &#8211; RESSON\u00c2NCIAS"}]},{"@type":"WebSite","@id":"https:\/\/jornadasebprioicprj.com.br\/2021\/#website","url":"https:\/\/jornadasebprioicprj.com.br\/2021\/","name":"Jornadas EBP RIO e ICPRJ","description":"Escola Brasileira de Psican\u00e1lise","potentialAction":[{"@type":"SearchAction","target":{"@type":"EntryPoint","urlTemplate":"https:\/\/jornadasebprioicprj.com.br\/2021\/?s={search_term_string}"},"query-input":{"@type":"PropertyValueSpecification","valueRequired":true,"valueName":"search_term_string"}}],"inLanguage":"pt-BR"},{"@type":"Person","@id":"https:\/\/jornadasebprioicprj.com.br\/2021\/#\/schema\/person\/a877eeb013edee082dbca99cad8bfc67","name":"jornadas","image":{"@type":"ImageObject","inLanguage":"pt-BR","@id":"https:\/\/secure.gravatar.com\/avatar\/d60d0f34e016dd50f9c3df6f5f4269aafa63cefe878ea546810736b04c310191?s=96&d=mm&r=g","url":"https:\/\/secure.gravatar.com\/avatar\/d60d0f34e016dd50f9c3df6f5f4269aafa63cefe878ea546810736b04c310191?s=96&d=mm&r=g","contentUrl":"https:\/\/secure.gravatar.com\/avatar\/d60d0f34e016dd50f9c3df6f5f4269aafa63cefe878ea546810736b04c310191?s=96&d=mm&r=g","caption":"jornadas"},"sameAs":["http:\/\/jornadasebprioicprj.com.br\/2021"],"url":"https:\/\/jornadasebprioicprj.com.br\/2021\/author\/jornadas\/"}]}},"_links":{"self":[{"href":"https:\/\/jornadasebprioicprj.com.br\/2021\/wp-json\/wp\/v2\/posts\/703","targetHints":{"allow":["GET"]}}],"collection":[{"href":"https:\/\/jornadasebprioicprj.com.br\/2021\/wp-json\/wp\/v2\/posts"}],"about":[{"href":"https:\/\/jornadasebprioicprj.com.br\/2021\/wp-json\/wp\/v2\/types\/post"}],"author":[{"embeddable":true,"href":"https:\/\/jornadasebprioicprj.com.br\/2021\/wp-json\/wp\/v2\/users\/1"}],"replies":[{"embeddable":true,"href":"https:\/\/jornadasebprioicprj.com.br\/2021\/wp-json\/wp\/v2\/comments?post=703"}],"version-history":[{"count":4,"href":"https:\/\/jornadasebprioicprj.com.br\/2021\/wp-json\/wp\/v2\/posts\/703\/revisions"}],"predecessor-version":[{"id":717,"href":"https:\/\/jornadasebprioicprj.com.br\/2021\/wp-json\/wp\/v2\/posts\/703\/revisions\/717"}],"wp:attachment":[{"href":"https:\/\/jornadasebprioicprj.com.br\/2021\/wp-json\/wp\/v2\/media?parent=703"}],"wp:term":[{"taxonomy":"category","embeddable":true,"href":"https:\/\/jornadasebprioicprj.com.br\/2021\/wp-json\/wp\/v2\/categories?post=703"},{"taxonomy":"post_tag","embeddable":true,"href":"https:\/\/jornadasebprioicprj.com.br\/2021\/wp-json\/wp\/v2\/tags?post=703"}],"curies":[{"name":"wp","href":"https:\/\/api.w.org\/{rel}","templated":true}]}}