{"id":701,"date":"2021-09-29T06:07:17","date_gmt":"2021-09-29T09:07:17","guid":{"rendered":"https:\/\/jornadasebprioicprj.com.br\/2021\/?p=701"},"modified":"2021-09-29T18:01:15","modified_gmt":"2021-09-29T21:01:15","slug":"por-uma-transicao-linguistica","status":"publish","type":"post","link":"https:\/\/jornadasebprioicprj.com.br\/2021\/por-uma-transicao-linguistica\/","title":{"rendered":"Por uma transi\u00e7\u00e3o lingu\u00edstica"},"content":{"rendered":"<h6><em>Por Renata Estrella<\/em><\/h6>\n<p>No dia 18 de setembro, tivemos o prazer de receber Fabi\u00e1n Fajnwaks na 1\u00aa preparat\u00f3ria das nossas XXVIII Jornadas Cl\u00ednicas, <em>Os nomes da vida, marcas da pandemia<\/em>. J\u00e1 tendo anos de trabalho na sustenta\u00e7\u00e3o do ensino de Lacan e da orienta\u00e7\u00e3o lacaniana tamb\u00e9m em di\u00e1logo com os Estudos de g\u00eanero, Fabi\u00e1n foi nosso convidado para a mesa <em>Nomea\u00e7\u00f5es queer<\/em>, momento em que nos debru\u00e7amos para pensar as diferentes formas de estar no mundo, que talvez apontem para os nomes da vida, ou nomes de gozo, como prop\u00f4s Fabi\u00e1n.<\/p>\n<p>Assim, visando a um debate atrelado \u00e0s quest\u00f5es do mundo atual, pudemos retomar algumas perguntas colocadas por F\u00e1tima Pinheiro em nossa convocat\u00f3ria ao trabalho, como por exemplo sobre os usos que Lacan d\u00e1 \u00e0 nomea\u00e7\u00e3o e se seria poss\u00edvel pens\u00e1-la como suporte ao la\u00e7o social, distinto da identifica\u00e7\u00e3o. Nesse sentido, Fabi\u00e1n n\u00e3o apenas nos lembrou que a psican\u00e1lise nunca esteve do lado da normatividade, mas diferenciou a psican\u00e1lise dos psicanalistas, marcando que a ordem heteronormativa existe e que n\u00e3o pode mais ser ignorada. Acrescentamos ainda alguns dados trazidos por Ruth Cohen e por Cristina Frederico, j\u00e1 que somos o pa\u00eds com mais viol\u00eancia contra pessoas LGBT+, o que ainda aumentou mais de 40% ao longoda pandemia do coronav\u00edrus.<\/p>\n<p>Fabi\u00e1n abriu in\u00fameras quest\u00f5es que enriquecem o nosso trabalho a caminho das Jornadas, n\u00e3o sem deixar indica\u00e7\u00f5es cl\u00ednicas, lugar primordial em que se presentifica a psican\u00e1lise e a sua subvers\u00e3o. Nesse sentido, Fabi\u00e1n destacou a import\u00e2ncia de se pensar as consequ\u00eancias ps\u00edquicas das in\u00fameras interven\u00e7\u00f5es no corpo e, sobretudo, do decl\u00ednio do simb\u00f3lico que tem feito preponderar, cada vez mais em nossa \u00e9poca, a liquidez e a meton\u00edmia, em um fluxo sem parada e, como se escuta na cl\u00ednica, sem paz. Pr\u00f3ximo ao artista Andr\u00e9 Azevedo, que nos presenteou com a arte deste ano, em que se l\u00ea \u2018texto quer dizer tecido\u2019 sendo datilografado, letra a letra, tal como se enoda um tecido, Fabi\u00e1n prop\u00f5e a ideia de uma transi\u00e7\u00e3o lingu\u00edstica; que possamos, ent\u00e3o, tecer outros, novos textos.<\/p>\n","protected":false},"excerpt":{"rendered":"<p>Por Renata Estrella No dia 18 de setembro, tivemos o prazer de receber Fabi\u00e1n Fajnwaks na 1\u00aa preparat\u00f3ria das nossas XXVIII Jornadas Cl\u00ednicas, Os nomes da vida, marcas da pandemia. J\u00e1 tendo anos de trabalho na sustenta\u00e7\u00e3o do ensino de Lacan e da orienta\u00e7\u00e3o lacaniana tamb\u00e9m em di\u00e1logo com os Estudos de g\u00eanero, Fabi\u00e1n foi [&hellip;]<\/p>\n","protected":false},"author":1,"featured_media":0,"comment_status":"closed","ping_status":"closed","sticky":false,"template":"","format":"standard","meta":{"footnotes":""},"categories":[26],"tags":[],"class_list":["post-701","post","type-post","status-publish","format-standard","hentry","category-boletim-gps"],"yoast_head":"<!-- This site is optimized with the Yoast SEO plugin v27.5 - https:\/\/yoast.com\/product\/yoast-seo-wordpress\/ -->\n<title>Por uma transi\u00e7\u00e3o lingu\u00edstica - Jornadas EBP RIO e ICPRJ<\/title>\n<meta name=\"robots\" content=\"index, follow, max-snippet:-1, max-image-preview:large, max-video-preview:-1\" \/>\n<link rel=\"canonical\" href=\"https:\/\/jornadasebprioicprj.com.br\/2021\/por-uma-transicao-linguistica\/\" \/>\n<meta property=\"og:locale\" content=\"pt_BR\" \/>\n<meta property=\"og:type\" content=\"article\" \/>\n<meta property=\"og:title\" content=\"Por uma transi\u00e7\u00e3o lingu\u00edstica - Jornadas EBP RIO e ICPRJ\" \/>\n<meta property=\"og:description\" content=\"Por Renata Estrella No dia 18 de setembro, tivemos o prazer de receber Fabi\u00e1n Fajnwaks na 1\u00aa preparat\u00f3ria das nossas XXVIII Jornadas Cl\u00ednicas, Os nomes da vida, marcas da pandemia. J\u00e1 tendo anos de trabalho na sustenta\u00e7\u00e3o do ensino de Lacan e da orienta\u00e7\u00e3o lacaniana tamb\u00e9m em di\u00e1logo com os Estudos de g\u00eanero, Fabi\u00e1n foi [&hellip;]\" \/>\n<meta property=\"og:url\" content=\"https:\/\/jornadasebprioicprj.com.br\/2021\/por-uma-transicao-linguistica\/\" \/>\n<meta property=\"og:site_name\" content=\"Jornadas EBP RIO e ICPRJ\" \/>\n<meta property=\"article:published_time\" content=\"2021-09-29T09:07:17+00:00\" \/>\n<meta property=\"article:modified_time\" content=\"2021-09-29T21:01:15+00:00\" \/>\n<meta name=\"author\" content=\"jornadas\" \/>\n<meta name=\"twitter:card\" content=\"summary_large_image\" \/>\n<meta name=\"twitter:label1\" content=\"Escrito por\" \/>\n\t<meta name=\"twitter:data1\" content=\"jornadas\" \/>\n\t<meta name=\"twitter:label2\" content=\"Est. tempo de leitura\" \/>\n\t<meta name=\"twitter:data2\" content=\"2 minutos\" \/>\n<script type=\"application\/ld+json\" class=\"yoast-schema-graph\">{\"@context\":\"https:\\\/\\\/schema.org\",\"@graph\":[{\"@type\":\"Article\",\"@id\":\"https:\\\/\\\/jornadasebprioicprj.com.br\\\/2021\\\/por-uma-transicao-linguistica\\\/#article\",\"isPartOf\":{\"@id\":\"https:\\\/\\\/jornadasebprioicprj.com.br\\\/2021\\\/por-uma-transicao-linguistica\\\/\"},\"author\":{\"name\":\"jornadas\",\"@id\":\"https:\\\/\\\/jornadasebprioicprj.com.br\\\/2021\\\/#\\\/schema\\\/person\\\/a877eeb013edee082dbca99cad8bfc67\"},\"headline\":\"Por uma transi\u00e7\u00e3o lingu\u00edstica\",\"datePublished\":\"2021-09-29T09:07:17+00:00\",\"dateModified\":\"2021-09-29T21:01:15+00:00\",\"mainEntityOfPage\":{\"@id\":\"https:\\\/\\\/jornadasebprioicprj.com.br\\\/2021\\\/por-uma-transicao-linguistica\\\/\"},\"wordCount\":392,\"articleSection\":[\"Boletim GPS\"],\"inLanguage\":\"pt-BR\"},{\"@type\":\"WebPage\",\"@id\":\"https:\\\/\\\/jornadasebprioicprj.com.br\\\/2021\\\/por-uma-transicao-linguistica\\\/\",\"url\":\"https:\\\/\\\/jornadasebprioicprj.com.br\\\/2021\\\/por-uma-transicao-linguistica\\\/\",\"name\":\"Por uma transi\u00e7\u00e3o lingu\u00edstica - Jornadas EBP RIO e ICPRJ\",\"isPartOf\":{\"@id\":\"https:\\\/\\\/jornadasebprioicprj.com.br\\\/2021\\\/#website\"},\"datePublished\":\"2021-09-29T09:07:17+00:00\",\"dateModified\":\"2021-09-29T21:01:15+00:00\",\"author\":{\"@id\":\"https:\\\/\\\/jornadasebprioicprj.com.br\\\/2021\\\/#\\\/schema\\\/person\\\/a877eeb013edee082dbca99cad8bfc67\"},\"breadcrumb\":{\"@id\":\"https:\\\/\\\/jornadasebprioicprj.com.br\\\/2021\\\/por-uma-transicao-linguistica\\\/#breadcrumb\"},\"inLanguage\":\"pt-BR\",\"potentialAction\":[{\"@type\":\"ReadAction\",\"target\":[\"https:\\\/\\\/jornadasebprioicprj.com.br\\\/2021\\\/por-uma-transicao-linguistica\\\/\"]}]},{\"@type\":\"BreadcrumbList\",\"@id\":\"https:\\\/\\\/jornadasebprioicprj.com.br\\\/2021\\\/por-uma-transicao-linguistica\\\/#breadcrumb\",\"itemListElement\":[{\"@type\":\"ListItem\",\"position\":1,\"name\":\"In\u00edcio\",\"item\":\"https:\\\/\\\/jornadasebprioicprj.com.br\\\/2021\\\/\"},{\"@type\":\"ListItem\",\"position\":2,\"name\":\"Por uma transi\u00e7\u00e3o lingu\u00edstica\"}]},{\"@type\":\"WebSite\",\"@id\":\"https:\\\/\\\/jornadasebprioicprj.com.br\\\/2021\\\/#website\",\"url\":\"https:\\\/\\\/jornadasebprioicprj.com.br\\\/2021\\\/\",\"name\":\"Jornadas EBP RIO e ICPRJ\",\"description\":\"Escola Brasileira de Psican\u00e1lise\",\"potentialAction\":[{\"@type\":\"SearchAction\",\"target\":{\"@type\":\"EntryPoint\",\"urlTemplate\":\"https:\\\/\\\/jornadasebprioicprj.com.br\\\/2021\\\/?s={search_term_string}\"},\"query-input\":{\"@type\":\"PropertyValueSpecification\",\"valueRequired\":true,\"valueName\":\"search_term_string\"}}],\"inLanguage\":\"pt-BR\"},{\"@type\":\"Person\",\"@id\":\"https:\\\/\\\/jornadasebprioicprj.com.br\\\/2021\\\/#\\\/schema\\\/person\\\/a877eeb013edee082dbca99cad8bfc67\",\"name\":\"jornadas\",\"image\":{\"@type\":\"ImageObject\",\"inLanguage\":\"pt-BR\",\"@id\":\"https:\\\/\\\/secure.gravatar.com\\\/avatar\\\/d60d0f34e016dd50f9c3df6f5f4269aafa63cefe878ea546810736b04c310191?s=96&d=mm&r=g\",\"url\":\"https:\\\/\\\/secure.gravatar.com\\\/avatar\\\/d60d0f34e016dd50f9c3df6f5f4269aafa63cefe878ea546810736b04c310191?s=96&d=mm&r=g\",\"contentUrl\":\"https:\\\/\\\/secure.gravatar.com\\\/avatar\\\/d60d0f34e016dd50f9c3df6f5f4269aafa63cefe878ea546810736b04c310191?s=96&d=mm&r=g\",\"caption\":\"jornadas\"},\"sameAs\":[\"http:\\\/\\\/jornadasebprioicprj.com.br\\\/2021\"],\"url\":\"https:\\\/\\\/jornadasebprioicprj.com.br\\\/2021\\\/author\\\/jornadas\\\/\"}]}<\/script>\n<!-- \/ Yoast SEO plugin. -->","yoast_head_json":{"title":"Por uma transi\u00e7\u00e3o lingu\u00edstica - Jornadas EBP RIO e ICPRJ","robots":{"index":"index","follow":"follow","max-snippet":"max-snippet:-1","max-image-preview":"max-image-preview:large","max-video-preview":"max-video-preview:-1"},"canonical":"https:\/\/jornadasebprioicprj.com.br\/2021\/por-uma-transicao-linguistica\/","og_locale":"pt_BR","og_type":"article","og_title":"Por uma transi\u00e7\u00e3o lingu\u00edstica - Jornadas EBP RIO e ICPRJ","og_description":"Por Renata Estrella No dia 18 de setembro, tivemos o prazer de receber Fabi\u00e1n Fajnwaks na 1\u00aa preparat\u00f3ria das nossas XXVIII Jornadas Cl\u00ednicas, Os nomes da vida, marcas da pandemia. J\u00e1 tendo anos de trabalho na sustenta\u00e7\u00e3o do ensino de Lacan e da orienta\u00e7\u00e3o lacaniana tamb\u00e9m em di\u00e1logo com os Estudos de g\u00eanero, Fabi\u00e1n foi [&hellip;]","og_url":"https:\/\/jornadasebprioicprj.com.br\/2021\/por-uma-transicao-linguistica\/","og_site_name":"Jornadas EBP RIO e ICPRJ","article_published_time":"2021-09-29T09:07:17+00:00","article_modified_time":"2021-09-29T21:01:15+00:00","author":"jornadas","twitter_card":"summary_large_image","twitter_misc":{"Escrito por":"jornadas","Est. tempo de leitura":"2 minutos"},"schema":{"@context":"https:\/\/schema.org","@graph":[{"@type":"Article","@id":"https:\/\/jornadasebprioicprj.com.br\/2021\/por-uma-transicao-linguistica\/#article","isPartOf":{"@id":"https:\/\/jornadasebprioicprj.com.br\/2021\/por-uma-transicao-linguistica\/"},"author":{"name":"jornadas","@id":"https:\/\/jornadasebprioicprj.com.br\/2021\/#\/schema\/person\/a877eeb013edee082dbca99cad8bfc67"},"headline":"Por uma transi\u00e7\u00e3o lingu\u00edstica","datePublished":"2021-09-29T09:07:17+00:00","dateModified":"2021-09-29T21:01:15+00:00","mainEntityOfPage":{"@id":"https:\/\/jornadasebprioicprj.com.br\/2021\/por-uma-transicao-linguistica\/"},"wordCount":392,"articleSection":["Boletim GPS"],"inLanguage":"pt-BR"},{"@type":"WebPage","@id":"https:\/\/jornadasebprioicprj.com.br\/2021\/por-uma-transicao-linguistica\/","url":"https:\/\/jornadasebprioicprj.com.br\/2021\/por-uma-transicao-linguistica\/","name":"Por uma transi\u00e7\u00e3o lingu\u00edstica - Jornadas EBP RIO e ICPRJ","isPartOf":{"@id":"https:\/\/jornadasebprioicprj.com.br\/2021\/#website"},"datePublished":"2021-09-29T09:07:17+00:00","dateModified":"2021-09-29T21:01:15+00:00","author":{"@id":"https:\/\/jornadasebprioicprj.com.br\/2021\/#\/schema\/person\/a877eeb013edee082dbca99cad8bfc67"},"breadcrumb":{"@id":"https:\/\/jornadasebprioicprj.com.br\/2021\/por-uma-transicao-linguistica\/#breadcrumb"},"inLanguage":"pt-BR","potentialAction":[{"@type":"ReadAction","target":["https:\/\/jornadasebprioicprj.com.br\/2021\/por-uma-transicao-linguistica\/"]}]},{"@type":"BreadcrumbList","@id":"https:\/\/jornadasebprioicprj.com.br\/2021\/por-uma-transicao-linguistica\/#breadcrumb","itemListElement":[{"@type":"ListItem","position":1,"name":"In\u00edcio","item":"https:\/\/jornadasebprioicprj.com.br\/2021\/"},{"@type":"ListItem","position":2,"name":"Por uma transi\u00e7\u00e3o lingu\u00edstica"}]},{"@type":"WebSite","@id":"https:\/\/jornadasebprioicprj.com.br\/2021\/#website","url":"https:\/\/jornadasebprioicprj.com.br\/2021\/","name":"Jornadas EBP RIO e ICPRJ","description":"Escola Brasileira de Psican\u00e1lise","potentialAction":[{"@type":"SearchAction","target":{"@type":"EntryPoint","urlTemplate":"https:\/\/jornadasebprioicprj.com.br\/2021\/?s={search_term_string}"},"query-input":{"@type":"PropertyValueSpecification","valueRequired":true,"valueName":"search_term_string"}}],"inLanguage":"pt-BR"},{"@type":"Person","@id":"https:\/\/jornadasebprioicprj.com.br\/2021\/#\/schema\/person\/a877eeb013edee082dbca99cad8bfc67","name":"jornadas","image":{"@type":"ImageObject","inLanguage":"pt-BR","@id":"https:\/\/secure.gravatar.com\/avatar\/d60d0f34e016dd50f9c3df6f5f4269aafa63cefe878ea546810736b04c310191?s=96&d=mm&r=g","url":"https:\/\/secure.gravatar.com\/avatar\/d60d0f34e016dd50f9c3df6f5f4269aafa63cefe878ea546810736b04c310191?s=96&d=mm&r=g","contentUrl":"https:\/\/secure.gravatar.com\/avatar\/d60d0f34e016dd50f9c3df6f5f4269aafa63cefe878ea546810736b04c310191?s=96&d=mm&r=g","caption":"jornadas"},"sameAs":["http:\/\/jornadasebprioicprj.com.br\/2021"],"url":"https:\/\/jornadasebprioicprj.com.br\/2021\/author\/jornadas\/"}]}},"_links":{"self":[{"href":"https:\/\/jornadasebprioicprj.com.br\/2021\/wp-json\/wp\/v2\/posts\/701","targetHints":{"allow":["GET"]}}],"collection":[{"href":"https:\/\/jornadasebprioicprj.com.br\/2021\/wp-json\/wp\/v2\/posts"}],"about":[{"href":"https:\/\/jornadasebprioicprj.com.br\/2021\/wp-json\/wp\/v2\/types\/post"}],"author":[{"embeddable":true,"href":"https:\/\/jornadasebprioicprj.com.br\/2021\/wp-json\/wp\/v2\/users\/1"}],"replies":[{"embeddable":true,"href":"https:\/\/jornadasebprioicprj.com.br\/2021\/wp-json\/wp\/v2\/comments?post=701"}],"version-history":[{"count":2,"href":"https:\/\/jornadasebprioicprj.com.br\/2021\/wp-json\/wp\/v2\/posts\/701\/revisions"}],"predecessor-version":[{"id":716,"href":"https:\/\/jornadasebprioicprj.com.br\/2021\/wp-json\/wp\/v2\/posts\/701\/revisions\/716"}],"wp:attachment":[{"href":"https:\/\/jornadasebprioicprj.com.br\/2021\/wp-json\/wp\/v2\/media?parent=701"}],"wp:term":[{"taxonomy":"category","embeddable":true,"href":"https:\/\/jornadasebprioicprj.com.br\/2021\/wp-json\/wp\/v2\/categories?post=701"},{"taxonomy":"post_tag","embeddable":true,"href":"https:\/\/jornadasebprioicprj.com.br\/2021\/wp-json\/wp\/v2\/tags?post=701"}],"curies":[{"name":"wp","href":"https:\/\/api.w.org\/{rel}","templated":true}]}}