{"id":699,"date":"2021-09-29T06:06:46","date_gmt":"2021-09-29T09:06:46","guid":{"rendered":"https:\/\/jornadasebprioicprj.com.br\/2021\/?p=699"},"modified":"2021-09-29T18:00:42","modified_gmt":"2021-09-29T21:00:42","slug":"nomeacoes-queer-mesa-preparatoria-xxviii-jornadas-ebp-rio-de-janeiro-e-icp-rj","status":"publish","type":"post","link":"https:\/\/jornadasebprioicprj.com.br\/2021\/nomeacoes-queer-mesa-preparatoria-xxviii-jornadas-ebp-rio-de-janeiro-e-icp-rj\/","title":{"rendered":"Nomea\u00e7\u00f5es queer \u2013 Mesa Preparat\u00f3ria XXVIII Jornadas EBP Rio de Janeiro e ICP RJ"},"content":{"rendered":"<h6><em>Por Francisca Joana Menta Soares<\/em><\/h6>\n<p>A ordem heteronormativa existe e Fabi\u00e1n Fajnwaks h\u00e1 anos dialoga com diferentes autores para fazer escutar que a psican\u00e1lise de orienta\u00e7\u00e3o lacaniana \u00e9 orientada pelo real do gozo, ou seja, n\u00e3o permite nem autoriza nada que tenha a ver com a normatividade.<\/p>\n<p>Queer \u00e9 uma nomea\u00e7\u00e3o que tem a ver com o gozo. O gozo \u00e9 um conceito lacaniano que re\u00fane puls\u00e3o de vida e puls\u00e3o de morte. Fabi\u00e1n nos traz uma quest\u00e3o a ser pensada em nossas jornadas \u201cNomes da vida: marcas da pandemia\u201d: como o gozo se articula com os nomes da vida?<\/p>\n<p>O que as transforma\u00e7\u00f5es das pr\u00e1ticas e das identidades sexuais colocam para a civiliza\u00e7\u00e3o? Fabi\u00e1n nos responde com o \u00faltimo e ultim\u00edssimo Lacan para falar do conceito de nomea\u00e7\u00e3o e da promo\u00e7\u00e3o de um gozo n\u00e3o todo submetido.<\/p>\n<p>Para a psican\u00e1lise de orienta\u00e7\u00e3o lacaniana, n\u00e3o h\u00e1 o binarismo sexual; o que h\u00e1 \u00e9 o gozo. Queer n\u00e3o se situa sob nenhuma norma e a psican\u00e1lise segue os arranjos que os sujeitos podem fazer com o gozo fora de toda norma. H\u00e1 nisso pontos de converg\u00eancia com o discurso queer. Fabi\u00e1n, ent\u00e3o, discorre sobre os nomes do gozo na cultura queer, libertos dos significantes mestres da sexualidade nomeados como mulher\/homem. Queer questiona a fixidez de identidade, trazendo o significante fluido, seja como g\u00eanero ou identidade, e a partir da identifica\u00e7\u00e3o ao modo de gozo, promove uma coletiviza\u00e7\u00e3o do gozo e faz la\u00e7o social.<\/p>\n<p>O nome pr\u00f3prio do sujeito \u00e9 uma inven\u00e7\u00e3o, uma opera\u00e7\u00e3o do sujeito que permite manter junto o real, o simb\u00f3lico e o imagin\u00e1rio. Uma estrat\u00e9gia singular de fazer do sintoma uma identidade do sujeito, identidade sintomal, com chamou Miller.<\/p>\n<p>Convidamos a todos para um debate animado em nossas XXVIII Jornadas EBP Rio de Janeiro e ICP RJ &#8211; \u201cNomes da vida: marcas da pandemia\u201d.<\/p>\n","protected":false},"excerpt":{"rendered":"<p>Por Francisca Joana Menta Soares A ordem heteronormativa existe e Fabi\u00e1n Fajnwaks h\u00e1 anos dialoga com diferentes autores para fazer escutar que a psican\u00e1lise de orienta\u00e7\u00e3o lacaniana \u00e9 orientada pelo real do gozo, ou seja, n\u00e3o permite nem autoriza nada que tenha a ver com a normatividade. Queer \u00e9 uma nomea\u00e7\u00e3o que tem a ver [&hellip;]<\/p>\n","protected":false},"author":1,"featured_media":0,"comment_status":"closed","ping_status":"closed","sticky":false,"template":"","format":"standard","meta":{"footnotes":""},"categories":[26],"tags":[],"class_list":["post-699","post","type-post","status-publish","format-standard","hentry","category-boletim-gps"],"yoast_head":"<!-- This site is optimized with the Yoast SEO plugin v27.5 - https:\/\/yoast.com\/product\/yoast-seo-wordpress\/ -->\n<title>Nomea\u00e7\u00f5es queer \u2013 Mesa Preparat\u00f3ria XXVIII Jornadas EBP Rio de Janeiro e ICP RJ - Jornadas EBP RIO e ICPRJ<\/title>\n<meta name=\"robots\" content=\"index, follow, max-snippet:-1, max-image-preview:large, max-video-preview:-1\" \/>\n<link rel=\"canonical\" href=\"https:\/\/jornadasebprioicprj.com.br\/2021\/nomeacoes-queer-mesa-preparatoria-xxviii-jornadas-ebp-rio-de-janeiro-e-icp-rj\/\" \/>\n<meta property=\"og:locale\" content=\"pt_BR\" \/>\n<meta property=\"og:type\" content=\"article\" \/>\n<meta property=\"og:title\" content=\"Nomea\u00e7\u00f5es queer \u2013 Mesa Preparat\u00f3ria XXVIII Jornadas EBP Rio de Janeiro e ICP RJ - Jornadas EBP RIO e ICPRJ\" \/>\n<meta property=\"og:description\" content=\"Por Francisca Joana Menta Soares A ordem heteronormativa existe e Fabi\u00e1n Fajnwaks h\u00e1 anos dialoga com diferentes autores para fazer escutar que a psican\u00e1lise de orienta\u00e7\u00e3o lacaniana \u00e9 orientada pelo real do gozo, ou seja, n\u00e3o permite nem autoriza nada que tenha a ver com a normatividade. Queer \u00e9 uma nomea\u00e7\u00e3o que tem a ver [&hellip;]\" \/>\n<meta property=\"og:url\" content=\"https:\/\/jornadasebprioicprj.com.br\/2021\/nomeacoes-queer-mesa-preparatoria-xxviii-jornadas-ebp-rio-de-janeiro-e-icp-rj\/\" \/>\n<meta property=\"og:site_name\" content=\"Jornadas EBP RIO e ICPRJ\" \/>\n<meta property=\"article:published_time\" content=\"2021-09-29T09:06:46+00:00\" \/>\n<meta property=\"article:modified_time\" content=\"2021-09-29T21:00:42+00:00\" \/>\n<meta name=\"author\" content=\"jornadas\" \/>\n<meta name=\"twitter:card\" content=\"summary_large_image\" \/>\n<meta name=\"twitter:label1\" content=\"Escrito por\" \/>\n\t<meta name=\"twitter:data1\" content=\"jornadas\" \/>\n\t<meta name=\"twitter:label2\" content=\"Est. tempo de leitura\" \/>\n\t<meta name=\"twitter:data2\" content=\"2 minutos\" \/>\n<script type=\"application\/ld+json\" class=\"yoast-schema-graph\">{\"@context\":\"https:\\\/\\\/schema.org\",\"@graph\":[{\"@type\":\"Article\",\"@id\":\"https:\\\/\\\/jornadasebprioicprj.com.br\\\/2021\\\/nomeacoes-queer-mesa-preparatoria-xxviii-jornadas-ebp-rio-de-janeiro-e-icp-rj\\\/#article\",\"isPartOf\":{\"@id\":\"https:\\\/\\\/jornadasebprioicprj.com.br\\\/2021\\\/nomeacoes-queer-mesa-preparatoria-xxviii-jornadas-ebp-rio-de-janeiro-e-icp-rj\\\/\"},\"author\":{\"name\":\"jornadas\",\"@id\":\"https:\\\/\\\/jornadasebprioicprj.com.br\\\/2021\\\/#\\\/schema\\\/person\\\/a877eeb013edee082dbca99cad8bfc67\"},\"headline\":\"Nomea\u00e7\u00f5es queer \u2013 Mesa Preparat\u00f3ria XXVIII Jornadas EBP Rio de Janeiro e ICP RJ\",\"datePublished\":\"2021-09-29T09:06:46+00:00\",\"dateModified\":\"2021-09-29T21:00:42+00:00\",\"mainEntityOfPage\":{\"@id\":\"https:\\\/\\\/jornadasebprioicprj.com.br\\\/2021\\\/nomeacoes-queer-mesa-preparatoria-xxviii-jornadas-ebp-rio-de-janeiro-e-icp-rj\\\/\"},\"wordCount\":353,\"articleSection\":[\"Boletim GPS\"],\"inLanguage\":\"pt-BR\"},{\"@type\":\"WebPage\",\"@id\":\"https:\\\/\\\/jornadasebprioicprj.com.br\\\/2021\\\/nomeacoes-queer-mesa-preparatoria-xxviii-jornadas-ebp-rio-de-janeiro-e-icp-rj\\\/\",\"url\":\"https:\\\/\\\/jornadasebprioicprj.com.br\\\/2021\\\/nomeacoes-queer-mesa-preparatoria-xxviii-jornadas-ebp-rio-de-janeiro-e-icp-rj\\\/\",\"name\":\"Nomea\u00e7\u00f5es queer \u2013 Mesa Preparat\u00f3ria XXVIII Jornadas EBP Rio de Janeiro e ICP RJ - Jornadas EBP RIO e ICPRJ\",\"isPartOf\":{\"@id\":\"https:\\\/\\\/jornadasebprioicprj.com.br\\\/2021\\\/#website\"},\"datePublished\":\"2021-09-29T09:06:46+00:00\",\"dateModified\":\"2021-09-29T21:00:42+00:00\",\"author\":{\"@id\":\"https:\\\/\\\/jornadasebprioicprj.com.br\\\/2021\\\/#\\\/schema\\\/person\\\/a877eeb013edee082dbca99cad8bfc67\"},\"breadcrumb\":{\"@id\":\"https:\\\/\\\/jornadasebprioicprj.com.br\\\/2021\\\/nomeacoes-queer-mesa-preparatoria-xxviii-jornadas-ebp-rio-de-janeiro-e-icp-rj\\\/#breadcrumb\"},\"inLanguage\":\"pt-BR\",\"potentialAction\":[{\"@type\":\"ReadAction\",\"target\":[\"https:\\\/\\\/jornadasebprioicprj.com.br\\\/2021\\\/nomeacoes-queer-mesa-preparatoria-xxviii-jornadas-ebp-rio-de-janeiro-e-icp-rj\\\/\"]}]},{\"@type\":\"BreadcrumbList\",\"@id\":\"https:\\\/\\\/jornadasebprioicprj.com.br\\\/2021\\\/nomeacoes-queer-mesa-preparatoria-xxviii-jornadas-ebp-rio-de-janeiro-e-icp-rj\\\/#breadcrumb\",\"itemListElement\":[{\"@type\":\"ListItem\",\"position\":1,\"name\":\"In\u00edcio\",\"item\":\"https:\\\/\\\/jornadasebprioicprj.com.br\\\/2021\\\/\"},{\"@type\":\"ListItem\",\"position\":2,\"name\":\"Nomea\u00e7\u00f5es queer \u2013 Mesa Preparat\u00f3ria XXVIII Jornadas EBP Rio de Janeiro e ICP RJ\"}]},{\"@type\":\"WebSite\",\"@id\":\"https:\\\/\\\/jornadasebprioicprj.com.br\\\/2021\\\/#website\",\"url\":\"https:\\\/\\\/jornadasebprioicprj.com.br\\\/2021\\\/\",\"name\":\"Jornadas EBP RIO e ICPRJ\",\"description\":\"Escola Brasileira de Psican\u00e1lise\",\"potentialAction\":[{\"@type\":\"SearchAction\",\"target\":{\"@type\":\"EntryPoint\",\"urlTemplate\":\"https:\\\/\\\/jornadasebprioicprj.com.br\\\/2021\\\/?s={search_term_string}\"},\"query-input\":{\"@type\":\"PropertyValueSpecification\",\"valueRequired\":true,\"valueName\":\"search_term_string\"}}],\"inLanguage\":\"pt-BR\"},{\"@type\":\"Person\",\"@id\":\"https:\\\/\\\/jornadasebprioicprj.com.br\\\/2021\\\/#\\\/schema\\\/person\\\/a877eeb013edee082dbca99cad8bfc67\",\"name\":\"jornadas\",\"image\":{\"@type\":\"ImageObject\",\"inLanguage\":\"pt-BR\",\"@id\":\"https:\\\/\\\/secure.gravatar.com\\\/avatar\\\/d60d0f34e016dd50f9c3df6f5f4269aafa63cefe878ea546810736b04c310191?s=96&d=mm&r=g\",\"url\":\"https:\\\/\\\/secure.gravatar.com\\\/avatar\\\/d60d0f34e016dd50f9c3df6f5f4269aafa63cefe878ea546810736b04c310191?s=96&d=mm&r=g\",\"contentUrl\":\"https:\\\/\\\/secure.gravatar.com\\\/avatar\\\/d60d0f34e016dd50f9c3df6f5f4269aafa63cefe878ea546810736b04c310191?s=96&d=mm&r=g\",\"caption\":\"jornadas\"},\"sameAs\":[\"http:\\\/\\\/jornadasebprioicprj.com.br\\\/2021\"],\"url\":\"https:\\\/\\\/jornadasebprioicprj.com.br\\\/2021\\\/author\\\/jornadas\\\/\"}]}<\/script>\n<!-- \/ Yoast SEO plugin. -->","yoast_head_json":{"title":"Nomea\u00e7\u00f5es queer \u2013 Mesa Preparat\u00f3ria XXVIII Jornadas EBP Rio de Janeiro e ICP RJ - Jornadas EBP RIO e ICPRJ","robots":{"index":"index","follow":"follow","max-snippet":"max-snippet:-1","max-image-preview":"max-image-preview:large","max-video-preview":"max-video-preview:-1"},"canonical":"https:\/\/jornadasebprioicprj.com.br\/2021\/nomeacoes-queer-mesa-preparatoria-xxviii-jornadas-ebp-rio-de-janeiro-e-icp-rj\/","og_locale":"pt_BR","og_type":"article","og_title":"Nomea\u00e7\u00f5es queer \u2013 Mesa Preparat\u00f3ria XXVIII Jornadas EBP Rio de Janeiro e ICP RJ - Jornadas EBP RIO e ICPRJ","og_description":"Por Francisca Joana Menta Soares A ordem heteronormativa existe e Fabi\u00e1n Fajnwaks h\u00e1 anos dialoga com diferentes autores para fazer escutar que a psican\u00e1lise de orienta\u00e7\u00e3o lacaniana \u00e9 orientada pelo real do gozo, ou seja, n\u00e3o permite nem autoriza nada que tenha a ver com a normatividade. Queer \u00e9 uma nomea\u00e7\u00e3o que tem a ver [&hellip;]","og_url":"https:\/\/jornadasebprioicprj.com.br\/2021\/nomeacoes-queer-mesa-preparatoria-xxviii-jornadas-ebp-rio-de-janeiro-e-icp-rj\/","og_site_name":"Jornadas EBP RIO e ICPRJ","article_published_time":"2021-09-29T09:06:46+00:00","article_modified_time":"2021-09-29T21:00:42+00:00","author":"jornadas","twitter_card":"summary_large_image","twitter_misc":{"Escrito por":"jornadas","Est. tempo de leitura":"2 minutos"},"schema":{"@context":"https:\/\/schema.org","@graph":[{"@type":"Article","@id":"https:\/\/jornadasebprioicprj.com.br\/2021\/nomeacoes-queer-mesa-preparatoria-xxviii-jornadas-ebp-rio-de-janeiro-e-icp-rj\/#article","isPartOf":{"@id":"https:\/\/jornadasebprioicprj.com.br\/2021\/nomeacoes-queer-mesa-preparatoria-xxviii-jornadas-ebp-rio-de-janeiro-e-icp-rj\/"},"author":{"name":"jornadas","@id":"https:\/\/jornadasebprioicprj.com.br\/2021\/#\/schema\/person\/a877eeb013edee082dbca99cad8bfc67"},"headline":"Nomea\u00e7\u00f5es queer \u2013 Mesa Preparat\u00f3ria XXVIII Jornadas EBP Rio de Janeiro e ICP RJ","datePublished":"2021-09-29T09:06:46+00:00","dateModified":"2021-09-29T21:00:42+00:00","mainEntityOfPage":{"@id":"https:\/\/jornadasebprioicprj.com.br\/2021\/nomeacoes-queer-mesa-preparatoria-xxviii-jornadas-ebp-rio-de-janeiro-e-icp-rj\/"},"wordCount":353,"articleSection":["Boletim GPS"],"inLanguage":"pt-BR"},{"@type":"WebPage","@id":"https:\/\/jornadasebprioicprj.com.br\/2021\/nomeacoes-queer-mesa-preparatoria-xxviii-jornadas-ebp-rio-de-janeiro-e-icp-rj\/","url":"https:\/\/jornadasebprioicprj.com.br\/2021\/nomeacoes-queer-mesa-preparatoria-xxviii-jornadas-ebp-rio-de-janeiro-e-icp-rj\/","name":"Nomea\u00e7\u00f5es queer \u2013 Mesa Preparat\u00f3ria XXVIII Jornadas EBP Rio de Janeiro e ICP RJ - Jornadas EBP RIO e ICPRJ","isPartOf":{"@id":"https:\/\/jornadasebprioicprj.com.br\/2021\/#website"},"datePublished":"2021-09-29T09:06:46+00:00","dateModified":"2021-09-29T21:00:42+00:00","author":{"@id":"https:\/\/jornadasebprioicprj.com.br\/2021\/#\/schema\/person\/a877eeb013edee082dbca99cad8bfc67"},"breadcrumb":{"@id":"https:\/\/jornadasebprioicprj.com.br\/2021\/nomeacoes-queer-mesa-preparatoria-xxviii-jornadas-ebp-rio-de-janeiro-e-icp-rj\/#breadcrumb"},"inLanguage":"pt-BR","potentialAction":[{"@type":"ReadAction","target":["https:\/\/jornadasebprioicprj.com.br\/2021\/nomeacoes-queer-mesa-preparatoria-xxviii-jornadas-ebp-rio-de-janeiro-e-icp-rj\/"]}]},{"@type":"BreadcrumbList","@id":"https:\/\/jornadasebprioicprj.com.br\/2021\/nomeacoes-queer-mesa-preparatoria-xxviii-jornadas-ebp-rio-de-janeiro-e-icp-rj\/#breadcrumb","itemListElement":[{"@type":"ListItem","position":1,"name":"In\u00edcio","item":"https:\/\/jornadasebprioicprj.com.br\/2021\/"},{"@type":"ListItem","position":2,"name":"Nomea\u00e7\u00f5es queer \u2013 Mesa Preparat\u00f3ria XXVIII Jornadas EBP Rio de Janeiro e ICP RJ"}]},{"@type":"WebSite","@id":"https:\/\/jornadasebprioicprj.com.br\/2021\/#website","url":"https:\/\/jornadasebprioicprj.com.br\/2021\/","name":"Jornadas EBP RIO e ICPRJ","description":"Escola Brasileira de Psican\u00e1lise","potentialAction":[{"@type":"SearchAction","target":{"@type":"EntryPoint","urlTemplate":"https:\/\/jornadasebprioicprj.com.br\/2021\/?s={search_term_string}"},"query-input":{"@type":"PropertyValueSpecification","valueRequired":true,"valueName":"search_term_string"}}],"inLanguage":"pt-BR"},{"@type":"Person","@id":"https:\/\/jornadasebprioicprj.com.br\/2021\/#\/schema\/person\/a877eeb013edee082dbca99cad8bfc67","name":"jornadas","image":{"@type":"ImageObject","inLanguage":"pt-BR","@id":"https:\/\/secure.gravatar.com\/avatar\/d60d0f34e016dd50f9c3df6f5f4269aafa63cefe878ea546810736b04c310191?s=96&d=mm&r=g","url":"https:\/\/secure.gravatar.com\/avatar\/d60d0f34e016dd50f9c3df6f5f4269aafa63cefe878ea546810736b04c310191?s=96&d=mm&r=g","contentUrl":"https:\/\/secure.gravatar.com\/avatar\/d60d0f34e016dd50f9c3df6f5f4269aafa63cefe878ea546810736b04c310191?s=96&d=mm&r=g","caption":"jornadas"},"sameAs":["http:\/\/jornadasebprioicprj.com.br\/2021"],"url":"https:\/\/jornadasebprioicprj.com.br\/2021\/author\/jornadas\/"}]}},"_links":{"self":[{"href":"https:\/\/jornadasebprioicprj.com.br\/2021\/wp-json\/wp\/v2\/posts\/699","targetHints":{"allow":["GET"]}}],"collection":[{"href":"https:\/\/jornadasebprioicprj.com.br\/2021\/wp-json\/wp\/v2\/posts"}],"about":[{"href":"https:\/\/jornadasebprioicprj.com.br\/2021\/wp-json\/wp\/v2\/types\/post"}],"author":[{"embeddable":true,"href":"https:\/\/jornadasebprioicprj.com.br\/2021\/wp-json\/wp\/v2\/users\/1"}],"replies":[{"embeddable":true,"href":"https:\/\/jornadasebprioicprj.com.br\/2021\/wp-json\/wp\/v2\/comments?post=699"}],"version-history":[{"count":3,"href":"https:\/\/jornadasebprioicprj.com.br\/2021\/wp-json\/wp\/v2\/posts\/699\/revisions"}],"predecessor-version":[{"id":715,"href":"https:\/\/jornadasebprioicprj.com.br\/2021\/wp-json\/wp\/v2\/posts\/699\/revisions\/715"}],"wp:attachment":[{"href":"https:\/\/jornadasebprioicprj.com.br\/2021\/wp-json\/wp\/v2\/media?parent=699"}],"wp:term":[{"taxonomy":"category","embeddable":true,"href":"https:\/\/jornadasebprioicprj.com.br\/2021\/wp-json\/wp\/v2\/categories?post=699"},{"taxonomy":"post_tag","embeddable":true,"href":"https:\/\/jornadasebprioicprj.com.br\/2021\/wp-json\/wp\/v2\/tags?post=699"}],"curies":[{"name":"wp","href":"https:\/\/api.w.org\/{rel}","templated":true}]}}