{"id":452,"date":"2021-08-12T11:18:26","date_gmt":"2021-08-12T14:18:26","guid":{"rendered":"https:\/\/jornadasebprioicprj.com.br\/2021\/?p=452"},"modified":"2021-08-12T20:16:47","modified_gmt":"2021-08-12T23:16:47","slug":"lancamento-das-xxviii-jornadas-da-ebp-rio-e-icp-rj-os-nomes-da-vida-marcas-da-pandemia","status":"publish","type":"post","link":"https:\/\/jornadasebprioicprj.com.br\/2021\/lancamento-das-xxviii-jornadas-da-ebp-rio-e-icp-rj-os-nomes-da-vida-marcas-da-pandemia\/","title":{"rendered":"Lan\u00e7amento das XXVIII Jornadas Cl\u00ednicas da EBP-Rio e do ICP RJ, &#8216;Os nomes da vida: marcas da pandemia&#8217;"},"content":{"rendered":"<p><em>Maria In\u00eas Lamy<\/em><br \/>\n<span style=\"font-family: 'Book Antiqua', Palatino; font-size: 10pt;\"> Coordenadora da Comiss\u00e3o Cient\u00edfica das XXVIII Jornadas Cl\u00ednicas da EBP-Rio e do ICP RJ<\/span><\/p>\n<p>&nbsp;<\/p>\n<p>&nbsp;<\/p>\n<p><span style=\"font-family: american-type; font-size: 36pt;\">A<\/span>grade\u00e7o a Ruth Cohen e \u00e0 diretoria da EBP-Rio o convite para coordenar a Comiss\u00e3o Cient\u00edfica junto com Adriano Aguiar, parceiro nessa empreitada. Agrade\u00e7o tamb\u00e9m a Fatima Pinheiro, coordenadora geral das Jornadas, e a todas as comiss\u00f5es. Por fim, sou grata \u00e0s colegas da Comiss\u00e3o Cient\u00edfica, pela disponibilidade e \u00f3timas ideias \u2013 Andrea Vilanova, Ang\u00e9lica Bastos, Cristina Duba e Helo\u00edsa Caldas.<\/p>\n<p>A conversa nos corredores, o coment\u00e1rio divertido com o colega, os encontros inesperados, o cafezinho \u2013 nada disso teremos nas nossas Jornadas. Mais uma vez\u2026 A franja da vida, pequenos detalhes que restam das obriga\u00e7\u00f5es e da assepsia com \u00e1lcool em gel \u2013 como isso faz falta!<\/p>\n<p>Um ano e meio de vida dura: perdas, medo de adoecer, medo de perder pessoas. E num pa\u00eds que, de repente, se torna um dos piores lugares do mundo, j\u00e1 que o governo\u00a0 coloca em risco a vida do povo, a terra, as florestas. A devasta\u00e7\u00e3o avan\u00e7a, n\u00e3o s\u00f3 sobre o solo e as riquezas naturais, mas tamb\u00e9m sobre a \u2018selva\u2019 de onde viemos, com sua diversidade de etnias, religi\u00f5es e culturas.<\/p>\n<p>Diante de tantas perdas, amea\u00e7as e perigos, qual a sa\u00edda? Caminhos v\u00e3o ter que ser inventados. Qual o nome da vida para cada um? O nome surge a partir do imposs\u00edvel de se dizer, quando consentimos que h\u00e1 algo intranspon\u00edvel.<\/p>\n<p>Tal como o pa\u00eds que, a partir de seu nome original, Pindorama (Terra das Palmeiras), j\u00e1 se chamou Ilha de Vera Cruz e Terra de Santa Cruz e, abandonando as refer\u00eancias religiosas, recebeu o nome de uma \u00e1rvore, agora em extin\u00e7\u00e3o, resta-nos inventar a partir das marcas de uma raiz perdida. Pa\u00eds plural que, desde sua origem, acolhe respostas diversas. Mais al\u00e9m das diferentes etnias e culturas, cabe \u00e0 psican\u00e1lise a escuta da inven\u00e7\u00e3o singular de cada um e de cada uma.<\/p>\n<p>Em uma recente Noite da Biblioteca da EBP-Rio, o poeta Armando Freitas Filho disse\u00a0 que fazer poesia \u00e9 \u2018uma pedreira, uma pedraria\u2019. Talvez esse seja um trajeto poss\u00edvel: da pedreira \u00e0 pedraria. P\u00e9rolas podem surgir da\u00ed mas tamb\u00e9m cacos mal lapidados, restos fecundos. Nas XXVIII Jornadas propomos pensar as trilhas que cada um inventou diante das perdas e das pedras no meio do caminho. E, quem sabe, consigamos delinear as marcas da pandemia.<\/p>\n<p>Agradecemos muito a Fabi\u00e1n Naparstek, estrangeiro e \u00edntimo da Se\u00e7\u00e3o Rio, que certamente vai nos ajudar a lan\u00e7ar as bases do nosso caminho, indicando balizas que guiem nossa travessia.<\/p>\n<p>E convidamos voc\u00eas a se juntarem a n\u00f3s nessa caminhada, ou melhor, nessas Jornadas!<\/p>\n<p>Obrigada.<\/p>\n<p>&nbsp;<\/p>\n<p>&nbsp;<\/p>\n<p>&nbsp;<\/p>\n","protected":false},"excerpt":{"rendered":"<p>Maria In\u00eas Lamy Coordenadora da Comiss\u00e3o Cient\u00edfica das XXVIII Jornadas Cl\u00ednicas da EBP-Rio e do ICP RJ &nbsp; &nbsp; Agrade\u00e7o a Ruth Cohen e \u00e0 diretoria da EBP-Rio o convite para coordenar a Comiss\u00e3o Cient\u00edfica junto com Adriano Aguiar, parceiro nessa empreitada. Agrade\u00e7o tamb\u00e9m a Fatima Pinheiro, coordenadora geral das Jornadas, e a todas as [&hellip;]<\/p>\n","protected":false},"author":1,"featured_media":0,"comment_status":"closed","ping_status":"open","sticky":false,"template":"","format":"standard","meta":{"footnotes":""},"categories":[26],"tags":[],"class_list":["post-452","post","type-post","status-publish","format-standard","hentry","category-boletim-gps"],"yoast_head":"<!-- This site is optimized with the Yoast SEO plugin v27.5 - https:\/\/yoast.com\/product\/yoast-seo-wordpress\/ -->\n<title>Lan\u00e7amento das XXVIII Jornadas Cl\u00ednicas da EBP-Rio e do ICP RJ, &#039;Os nomes da vida: marcas da pandemia&#039; - Jornadas EBP RIO e ICPRJ<\/title>\n<meta name=\"robots\" content=\"index, follow, max-snippet:-1, max-image-preview:large, max-video-preview:-1\" \/>\n<link rel=\"canonical\" href=\"https:\/\/jornadasebprioicprj.com.br\/2021\/lancamento-das-xxviii-jornadas-da-ebp-rio-e-icp-rj-os-nomes-da-vida-marcas-da-pandemia\/\" \/>\n<meta property=\"og:locale\" content=\"pt_BR\" \/>\n<meta property=\"og:type\" content=\"article\" \/>\n<meta property=\"og:title\" content=\"Lan\u00e7amento das XXVIII Jornadas Cl\u00ednicas da EBP-Rio e do ICP RJ, &#039;Os nomes da vida: marcas da pandemia&#039; - Jornadas EBP RIO e ICPRJ\" \/>\n<meta property=\"og:description\" content=\"Maria In\u00eas Lamy Coordenadora da Comiss\u00e3o Cient\u00edfica das XXVIII Jornadas Cl\u00ednicas da EBP-Rio e do ICP RJ &nbsp; &nbsp; Agrade\u00e7o a Ruth Cohen e \u00e0 diretoria da EBP-Rio o convite para coordenar a Comiss\u00e3o Cient\u00edfica junto com Adriano Aguiar, parceiro nessa empreitada. Agrade\u00e7o tamb\u00e9m a Fatima Pinheiro, coordenadora geral das Jornadas, e a todas as [&hellip;]\" \/>\n<meta property=\"og:url\" content=\"https:\/\/jornadasebprioicprj.com.br\/2021\/lancamento-das-xxviii-jornadas-da-ebp-rio-e-icp-rj-os-nomes-da-vida-marcas-da-pandemia\/\" \/>\n<meta property=\"og:site_name\" content=\"Jornadas EBP RIO e ICPRJ\" \/>\n<meta property=\"article:published_time\" content=\"2021-08-12T14:18:26+00:00\" \/>\n<meta property=\"article:modified_time\" content=\"2021-08-12T23:16:47+00:00\" \/>\n<meta name=\"author\" content=\"jornadas\" \/>\n<meta name=\"twitter:card\" content=\"summary_large_image\" \/>\n<meta name=\"twitter:label1\" content=\"Escrito por\" \/>\n\t<meta name=\"twitter:data1\" content=\"jornadas\" \/>\n\t<meta name=\"twitter:label2\" content=\"Est. tempo de leitura\" \/>\n\t<meta name=\"twitter:data2\" content=\"2 minutos\" \/>\n<script type=\"application\/ld+json\" class=\"yoast-schema-graph\">{\"@context\":\"https:\\\/\\\/schema.org\",\"@graph\":[{\"@type\":\"Article\",\"@id\":\"https:\\\/\\\/jornadasebprioicprj.com.br\\\/2021\\\/lancamento-das-xxviii-jornadas-da-ebp-rio-e-icp-rj-os-nomes-da-vida-marcas-da-pandemia\\\/#article\",\"isPartOf\":{\"@id\":\"https:\\\/\\\/jornadasebprioicprj.com.br\\\/2021\\\/lancamento-das-xxviii-jornadas-da-ebp-rio-e-icp-rj-os-nomes-da-vida-marcas-da-pandemia\\\/\"},\"author\":{\"name\":\"jornadas\",\"@id\":\"https:\\\/\\\/jornadasebprioicprj.com.br\\\/2021\\\/#\\\/schema\\\/person\\\/a877eeb013edee082dbca99cad8bfc67\"},\"headline\":\"Lan\u00e7amento das XXVIII Jornadas Cl\u00ednicas da EBP-Rio e do ICP RJ, &#8216;Os nomes da vida: marcas da pandemia&#8217;\",\"datePublished\":\"2021-08-12T14:18:26+00:00\",\"dateModified\":\"2021-08-12T23:16:47+00:00\",\"mainEntityOfPage\":{\"@id\":\"https:\\\/\\\/jornadasebprioicprj.com.br\\\/2021\\\/lancamento-das-xxviii-jornadas-da-ebp-rio-e-icp-rj-os-nomes-da-vida-marcas-da-pandemia\\\/\"},\"wordCount\":496,\"articleSection\":[\"Boletim GPS\"],\"inLanguage\":\"pt-BR\"},{\"@type\":\"WebPage\",\"@id\":\"https:\\\/\\\/jornadasebprioicprj.com.br\\\/2021\\\/lancamento-das-xxviii-jornadas-da-ebp-rio-e-icp-rj-os-nomes-da-vida-marcas-da-pandemia\\\/\",\"url\":\"https:\\\/\\\/jornadasebprioicprj.com.br\\\/2021\\\/lancamento-das-xxviii-jornadas-da-ebp-rio-e-icp-rj-os-nomes-da-vida-marcas-da-pandemia\\\/\",\"name\":\"Lan\u00e7amento das XXVIII Jornadas Cl\u00ednicas da EBP-Rio e do ICP RJ, 'Os nomes da vida: marcas da pandemia' - Jornadas EBP RIO e ICPRJ\",\"isPartOf\":{\"@id\":\"https:\\\/\\\/jornadasebprioicprj.com.br\\\/2021\\\/#website\"},\"datePublished\":\"2021-08-12T14:18:26+00:00\",\"dateModified\":\"2021-08-12T23:16:47+00:00\",\"author\":{\"@id\":\"https:\\\/\\\/jornadasebprioicprj.com.br\\\/2021\\\/#\\\/schema\\\/person\\\/a877eeb013edee082dbca99cad8bfc67\"},\"breadcrumb\":{\"@id\":\"https:\\\/\\\/jornadasebprioicprj.com.br\\\/2021\\\/lancamento-das-xxviii-jornadas-da-ebp-rio-e-icp-rj-os-nomes-da-vida-marcas-da-pandemia\\\/#breadcrumb\"},\"inLanguage\":\"pt-BR\",\"potentialAction\":[{\"@type\":\"ReadAction\",\"target\":[\"https:\\\/\\\/jornadasebprioicprj.com.br\\\/2021\\\/lancamento-das-xxviii-jornadas-da-ebp-rio-e-icp-rj-os-nomes-da-vida-marcas-da-pandemia\\\/\"]}]},{\"@type\":\"BreadcrumbList\",\"@id\":\"https:\\\/\\\/jornadasebprioicprj.com.br\\\/2021\\\/lancamento-das-xxviii-jornadas-da-ebp-rio-e-icp-rj-os-nomes-da-vida-marcas-da-pandemia\\\/#breadcrumb\",\"itemListElement\":[{\"@type\":\"ListItem\",\"position\":1,\"name\":\"In\u00edcio\",\"item\":\"https:\\\/\\\/jornadasebprioicprj.com.br\\\/2021\\\/\"},{\"@type\":\"ListItem\",\"position\":2,\"name\":\"Lan\u00e7amento das XXVIII Jornadas Cl\u00ednicas da EBP-Rio e do ICP RJ, &#8216;Os nomes da vida: marcas da pandemia&#8217;\"}]},{\"@type\":\"WebSite\",\"@id\":\"https:\\\/\\\/jornadasebprioicprj.com.br\\\/2021\\\/#website\",\"url\":\"https:\\\/\\\/jornadasebprioicprj.com.br\\\/2021\\\/\",\"name\":\"Jornadas EBP RIO e ICPRJ\",\"description\":\"Escola Brasileira de Psican\u00e1lise\",\"potentialAction\":[{\"@type\":\"SearchAction\",\"target\":{\"@type\":\"EntryPoint\",\"urlTemplate\":\"https:\\\/\\\/jornadasebprioicprj.com.br\\\/2021\\\/?s={search_term_string}\"},\"query-input\":{\"@type\":\"PropertyValueSpecification\",\"valueRequired\":true,\"valueName\":\"search_term_string\"}}],\"inLanguage\":\"pt-BR\"},{\"@type\":\"Person\",\"@id\":\"https:\\\/\\\/jornadasebprioicprj.com.br\\\/2021\\\/#\\\/schema\\\/person\\\/a877eeb013edee082dbca99cad8bfc67\",\"name\":\"jornadas\",\"image\":{\"@type\":\"ImageObject\",\"inLanguage\":\"pt-BR\",\"@id\":\"https:\\\/\\\/secure.gravatar.com\\\/avatar\\\/d60d0f34e016dd50f9c3df6f5f4269aafa63cefe878ea546810736b04c310191?s=96&d=mm&r=g\",\"url\":\"https:\\\/\\\/secure.gravatar.com\\\/avatar\\\/d60d0f34e016dd50f9c3df6f5f4269aafa63cefe878ea546810736b04c310191?s=96&d=mm&r=g\",\"contentUrl\":\"https:\\\/\\\/secure.gravatar.com\\\/avatar\\\/d60d0f34e016dd50f9c3df6f5f4269aafa63cefe878ea546810736b04c310191?s=96&d=mm&r=g\",\"caption\":\"jornadas\"},\"sameAs\":[\"http:\\\/\\\/jornadasebprioicprj.com.br\\\/2021\"],\"url\":\"https:\\\/\\\/jornadasebprioicprj.com.br\\\/2021\\\/author\\\/jornadas\\\/\"}]}<\/script>\n<!-- \/ Yoast SEO plugin. -->","yoast_head_json":{"title":"Lan\u00e7amento das XXVIII Jornadas Cl\u00ednicas da EBP-Rio e do ICP RJ, 'Os nomes da vida: marcas da pandemia' - Jornadas EBP RIO e ICPRJ","robots":{"index":"index","follow":"follow","max-snippet":"max-snippet:-1","max-image-preview":"max-image-preview:large","max-video-preview":"max-video-preview:-1"},"canonical":"https:\/\/jornadasebprioicprj.com.br\/2021\/lancamento-das-xxviii-jornadas-da-ebp-rio-e-icp-rj-os-nomes-da-vida-marcas-da-pandemia\/","og_locale":"pt_BR","og_type":"article","og_title":"Lan\u00e7amento das XXVIII Jornadas Cl\u00ednicas da EBP-Rio e do ICP RJ, 'Os nomes da vida: marcas da pandemia' - Jornadas EBP RIO e ICPRJ","og_description":"Maria In\u00eas Lamy Coordenadora da Comiss\u00e3o Cient\u00edfica das XXVIII Jornadas Cl\u00ednicas da EBP-Rio e do ICP RJ &nbsp; &nbsp; Agrade\u00e7o a Ruth Cohen e \u00e0 diretoria da EBP-Rio o convite para coordenar a Comiss\u00e3o Cient\u00edfica junto com Adriano Aguiar, parceiro nessa empreitada. Agrade\u00e7o tamb\u00e9m a Fatima Pinheiro, coordenadora geral das Jornadas, e a todas as [&hellip;]","og_url":"https:\/\/jornadasebprioicprj.com.br\/2021\/lancamento-das-xxviii-jornadas-da-ebp-rio-e-icp-rj-os-nomes-da-vida-marcas-da-pandemia\/","og_site_name":"Jornadas EBP RIO e ICPRJ","article_published_time":"2021-08-12T14:18:26+00:00","article_modified_time":"2021-08-12T23:16:47+00:00","author":"jornadas","twitter_card":"summary_large_image","twitter_misc":{"Escrito por":"jornadas","Est. tempo de leitura":"2 minutos"},"schema":{"@context":"https:\/\/schema.org","@graph":[{"@type":"Article","@id":"https:\/\/jornadasebprioicprj.com.br\/2021\/lancamento-das-xxviii-jornadas-da-ebp-rio-e-icp-rj-os-nomes-da-vida-marcas-da-pandemia\/#article","isPartOf":{"@id":"https:\/\/jornadasebprioicprj.com.br\/2021\/lancamento-das-xxviii-jornadas-da-ebp-rio-e-icp-rj-os-nomes-da-vida-marcas-da-pandemia\/"},"author":{"name":"jornadas","@id":"https:\/\/jornadasebprioicprj.com.br\/2021\/#\/schema\/person\/a877eeb013edee082dbca99cad8bfc67"},"headline":"Lan\u00e7amento das XXVIII Jornadas Cl\u00ednicas da EBP-Rio e do ICP RJ, &#8216;Os nomes da vida: marcas da pandemia&#8217;","datePublished":"2021-08-12T14:18:26+00:00","dateModified":"2021-08-12T23:16:47+00:00","mainEntityOfPage":{"@id":"https:\/\/jornadasebprioicprj.com.br\/2021\/lancamento-das-xxviii-jornadas-da-ebp-rio-e-icp-rj-os-nomes-da-vida-marcas-da-pandemia\/"},"wordCount":496,"articleSection":["Boletim GPS"],"inLanguage":"pt-BR"},{"@type":"WebPage","@id":"https:\/\/jornadasebprioicprj.com.br\/2021\/lancamento-das-xxviii-jornadas-da-ebp-rio-e-icp-rj-os-nomes-da-vida-marcas-da-pandemia\/","url":"https:\/\/jornadasebprioicprj.com.br\/2021\/lancamento-das-xxviii-jornadas-da-ebp-rio-e-icp-rj-os-nomes-da-vida-marcas-da-pandemia\/","name":"Lan\u00e7amento das XXVIII Jornadas Cl\u00ednicas da EBP-Rio e do ICP RJ, 'Os nomes da vida: marcas da pandemia' - Jornadas EBP RIO e ICPRJ","isPartOf":{"@id":"https:\/\/jornadasebprioicprj.com.br\/2021\/#website"},"datePublished":"2021-08-12T14:18:26+00:00","dateModified":"2021-08-12T23:16:47+00:00","author":{"@id":"https:\/\/jornadasebprioicprj.com.br\/2021\/#\/schema\/person\/a877eeb013edee082dbca99cad8bfc67"},"breadcrumb":{"@id":"https:\/\/jornadasebprioicprj.com.br\/2021\/lancamento-das-xxviii-jornadas-da-ebp-rio-e-icp-rj-os-nomes-da-vida-marcas-da-pandemia\/#breadcrumb"},"inLanguage":"pt-BR","potentialAction":[{"@type":"ReadAction","target":["https:\/\/jornadasebprioicprj.com.br\/2021\/lancamento-das-xxviii-jornadas-da-ebp-rio-e-icp-rj-os-nomes-da-vida-marcas-da-pandemia\/"]}]},{"@type":"BreadcrumbList","@id":"https:\/\/jornadasebprioicprj.com.br\/2021\/lancamento-das-xxviii-jornadas-da-ebp-rio-e-icp-rj-os-nomes-da-vida-marcas-da-pandemia\/#breadcrumb","itemListElement":[{"@type":"ListItem","position":1,"name":"In\u00edcio","item":"https:\/\/jornadasebprioicprj.com.br\/2021\/"},{"@type":"ListItem","position":2,"name":"Lan\u00e7amento das XXVIII Jornadas Cl\u00ednicas da EBP-Rio e do ICP RJ, &#8216;Os nomes da vida: marcas da pandemia&#8217;"}]},{"@type":"WebSite","@id":"https:\/\/jornadasebprioicprj.com.br\/2021\/#website","url":"https:\/\/jornadasebprioicprj.com.br\/2021\/","name":"Jornadas EBP RIO e ICPRJ","description":"Escola Brasileira de Psican\u00e1lise","potentialAction":[{"@type":"SearchAction","target":{"@type":"EntryPoint","urlTemplate":"https:\/\/jornadasebprioicprj.com.br\/2021\/?s={search_term_string}"},"query-input":{"@type":"PropertyValueSpecification","valueRequired":true,"valueName":"search_term_string"}}],"inLanguage":"pt-BR"},{"@type":"Person","@id":"https:\/\/jornadasebprioicprj.com.br\/2021\/#\/schema\/person\/a877eeb013edee082dbca99cad8bfc67","name":"jornadas","image":{"@type":"ImageObject","inLanguage":"pt-BR","@id":"https:\/\/secure.gravatar.com\/avatar\/d60d0f34e016dd50f9c3df6f5f4269aafa63cefe878ea546810736b04c310191?s=96&d=mm&r=g","url":"https:\/\/secure.gravatar.com\/avatar\/d60d0f34e016dd50f9c3df6f5f4269aafa63cefe878ea546810736b04c310191?s=96&d=mm&r=g","contentUrl":"https:\/\/secure.gravatar.com\/avatar\/d60d0f34e016dd50f9c3df6f5f4269aafa63cefe878ea546810736b04c310191?s=96&d=mm&r=g","caption":"jornadas"},"sameAs":["http:\/\/jornadasebprioicprj.com.br\/2021"],"url":"https:\/\/jornadasebprioicprj.com.br\/2021\/author\/jornadas\/"}]}},"_links":{"self":[{"href":"https:\/\/jornadasebprioicprj.com.br\/2021\/wp-json\/wp\/v2\/posts\/452","targetHints":{"allow":["GET"]}}],"collection":[{"href":"https:\/\/jornadasebprioicprj.com.br\/2021\/wp-json\/wp\/v2\/posts"}],"about":[{"href":"https:\/\/jornadasebprioicprj.com.br\/2021\/wp-json\/wp\/v2\/types\/post"}],"author":[{"embeddable":true,"href":"https:\/\/jornadasebprioicprj.com.br\/2021\/wp-json\/wp\/v2\/users\/1"}],"replies":[{"embeddable":true,"href":"https:\/\/jornadasebprioicprj.com.br\/2021\/wp-json\/wp\/v2\/comments?post=452"}],"version-history":[{"count":3,"href":"https:\/\/jornadasebprioicprj.com.br\/2021\/wp-json\/wp\/v2\/posts\/452\/revisions"}],"predecessor-version":[{"id":517,"href":"https:\/\/jornadasebprioicprj.com.br\/2021\/wp-json\/wp\/v2\/posts\/452\/revisions\/517"}],"wp:attachment":[{"href":"https:\/\/jornadasebprioicprj.com.br\/2021\/wp-json\/wp\/v2\/media?parent=452"}],"wp:term":[{"taxonomy":"category","embeddable":true,"href":"https:\/\/jornadasebprioicprj.com.br\/2021\/wp-json\/wp\/v2\/categories?post=452"},{"taxonomy":"post_tag","embeddable":true,"href":"https:\/\/jornadasebprioicprj.com.br\/2021\/wp-json\/wp\/v2\/tags?post=452"}],"curies":[{"name":"wp","href":"https:\/\/api.w.org\/{rel}","templated":true}]}}