{"id":448,"date":"2021-08-12T11:15:48","date_gmt":"2021-08-12T14:15:48","guid":{"rendered":"https:\/\/jornadasebprioicprj.com.br\/2021\/?p=448"},"modified":"2021-08-13T21:02:51","modified_gmt":"2021-08-14T00:02:51","slug":"lancamento-das-xxviii-jornadas-clinicas-da-escola-brasileira-de-psicanalise-secao-rio-e-icp-rj-os-nomes-da-vida-marcas-da-pandemia","status":"publish","type":"post","link":"https:\/\/jornadasebprioicprj.com.br\/2021\/lancamento-das-xxviii-jornadas-clinicas-da-escola-brasileira-de-psicanalise-secao-rio-e-icp-rj-os-nomes-da-vida-marcas-da-pandemia\/","title":{"rendered":"Lan\u00e7amento das XXVIII Jornadas Cl\u00ednicas da EBP-Rio e do ICP RJ, \u2018Os nomes da vida: marcas da pandemia\u2019"},"content":{"rendered":"<p><em>Por Ruth Helena Pinto Cohen<\/em><br \/>\n<span style=\"font-family: 'Book Antiqua', Palatino; font-size: 10pt;\">Diretora da Escola Brasileira de Psican\u00e1lise &#8211; Se\u00e7\u00e3o Rio de Janeiro<\/span><\/p>\n<p>&nbsp;<\/p>\n<p>&nbsp;<\/p>\n<p><span style=\"font-family: american-type; font-size: 36pt;\">G<\/span>ostaria de agradecer \u00e0 equipe de organizadores, que est\u00e1 \u00e0 frente de nossa XXVIII Jornadas, por ter sustentado o desejo decidido de trazer significantes da EBP-Rio e do ICP e lan\u00e7\u00e1-los \u00e0 interlocu\u00e7\u00e3o com a cidade e fora dela.<\/p>\n<p>Hoje, para dar a partida a essa primeira aposta de trabalho, contamos com um convidado muito especial: Fabian Naparstek<span style=\"font-size: 10pt;\"><a href=\"https:\/\/ebp.org.br\/rj\/2021\/08\/04\/lancamento-das-xxviii-jornadas-clinicas-da-escola-brasileira-de-psicanalise-secao-rio-e-icp-rj-os-nomes-da-vida-marcas-da-pandemia\/#_edn1\" name=\"_ednref1\">[i]<\/a><\/span>, que nos abrir\u00e1 o caminho da conversa\u00e7\u00e3o sobre o tema, no campo da psican\u00e1lise.<\/p>\n<p>Receberemos, em novembro, convidados no interior e do exterior de nosso territ\u00f3rio, com o mesmo acolhimento e respeito, agradecendo, desde j\u00e1, as ricas contribui\u00e7\u00f5es que advir\u00e3o.<\/p>\n<p>Tomo emprestado uma fala de Krenak para introduzir o que nos espera nessas jornadas da vida, com as marcas da pandemia: \u201cVamos ter que produzir outros corpos, outros afetos, sonhar outros sonhos para sermos acolhidos por esse mundo e nele podermos habitar\u201d.<span style=\"font-size: 10pt;\"><a href=\"https:\/\/ebp.org.br\/rj\/2021\/08\/04\/lancamento-das-xxviii-jornadas-clinicas-da-escola-brasileira-de-psicanalise-secao-rio-e-icp-rj-os-nomes-da-vida-marcas-da-pandemia\/#_edn2\" name=\"_ednref2\"><span style=\"font-size: 12pt;\">[ii]<\/span><\/a><\/span><\/p>\n<p>Conseguimos atravessar 2020 e agora, em 2021, ainda estamos desafiados pela mesma devasta\u00e7\u00e3o pand\u00eamica e pol\u00edtica, pelo enfrentamento das irrup\u00e7\u00f5es do real e buscando alguns nomes para nos orientar nesse trabalho, dentro e fora do campo freudiano. Krenak \u00e9 um deles, autodenomina\u00e7\u00e3o de Ailton, um de nossos convidados, que vai nos indicar como \u00e9 poss\u00edvel sobreviver \u00e0 \u201cm\u00e1quina devoradora de mundo\u201d e como vidas insistem em seguir seus rumos, \u00e0s margens de um Rio, outrora Doce e que, ap\u00f3s muitos assassinatos, passou a mostrar toda a acidez de sua eros\u00e3o. Alum\u00ednio, mangan\u00eas e ferro comeram os peixes, mas essa agua barrenta n\u00e3o desiste de escorrer como uma l\u00e1grima, insistindo em n\u00e3o-toda morrer.<\/p>\n<p>Nessas Jornadas juntaremos nossas vozes a de seres falantes que buscam mudar o curso dos rastros da morte de mais de 500.000 brasileiros, do feminic\u00eddio, do homic\u00eddio, do genoc\u00eddio.\u00a0<em>Cidios<\/em>\u00a0\u2013 sufixo\u00a0latino\u00a0que se repete e tem origem do\u00a0latim\u00a0<em>caedo<\/em>, que significa\u00a0cortar, matar.<\/p>\n<p>Apostamos nos nomes da vida, tendo como ferramenta a psican\u00e1lise, que, com a l\u00e2mina afiada de seu discurso, busca o poss\u00edvel de se saber, dizer e fazer com as cadeias repetitivas dos sintomas que se alastram e ganham corpo. Falamos de um Rio enlameado pela sujeira dos governantes e nos indagamos: Qual a responsabilidade \u00e9tica da psican\u00e1lise frente ao inomin\u00e1vel de uma cognosc\u00edvel amea\u00e7a? O que a forma\u00e7\u00e3o do analista oferece como instrumento? Do nosso primeiro eixo destaco a proposta:<em>\u00a0Em um cen\u00e1rio de perdas e desamparo, a psican\u00e1lise revela-se uma trincheira contra a puls\u00e3o de morte<\/em>.<\/p>\n<p>Talvez n\u00e3o tenhamos mais fantasias potentes para nos proteger, mas mesmo assim, insistimos em ouvir o grito, o vagido, o sil\u00eancio, o hiperverbal da vida, com seus nomes, ainda na tentativa de encontrar o apaziguamento da dor de existir. Vamos rastrear essas marcas do real, mesmo que seja nas redes virtuais, na busca de um dizer para al\u00e9m dos ditos, das enuncia\u00e7\u00f5es para al\u00e9m dos enunciados e, assim, tornar aud\u00edvel a insist\u00eancia do desejo, que n\u00e3o seja an\u00f4nimo.<\/p>\n<p>Vamos encontrar muitos parceiros, \u00e0s margens desse Rio, em especial nossos convidados que n\u00e3o compartilham a mesma l\u00edngua, mas o\u00a0<em>castellano<\/em>, e que trar\u00e3o em suas vozes sonoridades diferenciadas. Falamos da colega chilena Paola Corn\u00fa AE (NEL) e do espanhol Miquel Bassols<span style=\"font-size: 12pt;\"> <a href=\"https:\/\/ebp.org.br\/rj\/2021\/08\/04\/lancamento-das-xxviii-jornadas-clinicas-da-escola-brasileira-de-psicanalise-secao-rio-e-icp-rj-os-nomes-da-vida-marcas-da-pandemia\/#_edn3\" name=\"_ednref3\">[iii]<\/a><\/span>, falamos das marcas d\u2019\u00e1gua da l\u00edngua brasileira, que tem como uma das fontes a \u201clingu\u00edstica ind\u00edgena\u201d que Krenak\u00a0traduzir\u00e1 para o portugu\u00eas. Contaremos, tamb\u00e9m, com a express\u00e3o art\u00edstica bem brasileira de Cao Guimaraes, artista pl\u00e1stico, que em uma de suas obras \u2018Ex-isto\u2019, d\u00e1 nome a um filme e, assim, tamb\u00e9m toca nossa ex-sist\u00eancia.<\/p>\n<p>A psican\u00e1lise em nosso tempo se v\u00ea desafiada pelas irrup\u00e7\u00f5es de traumas, menos articulados \u00e0 fantasia, indicando que a d\u00edvida simb\u00f3lica e a representa\u00e7\u00e3o s\u00e3o apenas a fuma\u00e7a indicativa de que ali havia o fogo do Nome do pai. O analista dejeto faz parte desse solo, cujos alicerces da cidade do Rio carregam as marcas da escravid\u00e3o, da viol\u00eancia e da falta de lei.\u00a0 Contamos tamb\u00e9m com Freud e Lacan para enfrentar esse Outro avassalador e nos posicionarmos no avesso do discurso do mestre contempor\u00e2neo.<\/p>\n<p>Para terminar, trago uma fala de Eliane Brum <span style=\"font-size: 12pt;\"><a href=\"https:\/\/ebp.org.br\/rj\/2021\/08\/04\/lancamento-das-xxviii-jornadas-clinicas-da-escola-brasileira-de-psicanalise-secao-rio-e-icp-rj-os-nomes-da-vida-marcas-da-pandemia\/#_edn5\" name=\"_ednref5\">[iv]<\/a><\/span>\u00a0que aponta um ato falho de um pol\u00edtico brasileiro: A certa altura, ele agradeceu\u00a0\u201ca cada cidad\u00e3 e cidad\u00e3o que, ao longo dos \u00faltimos oito anos,\u00a0<span style=\"font-family: 'Book Antiqua', Palatino; font-size: 14pt;\"><strong>dispensou a sua vida<\/strong><\/span>\u201d\u00a0no empreendimento da constru\u00e7\u00e3o da usina de Altamira, a cidade mais violenta da Amaz\u00f4nia.\u00a0<strong><span style=\"font-family: 'Book Antiqua', Palatino; font-size: 12pt;\">Dispensamos<\/span>\u00a0<\/strong>esse enunciado, que se abre \u00e0 leitura de uma enuncia\u00e7\u00e3o, que pretendemos contradizer com nosso argumento.\u00a0<span style=\"font-family: 'Book Antiqua', Palatino;\"><span style=\"font-size: 14pt;\"><strong><em>Em um momento em que a morte assombra o mundo e um genoc\u00eddio toma conta do nosso pa\u00eds, nossas Jornadas apostam na vida e seus nomes, buscando circunscrever as inven\u00e7\u00f5es que brotam em meio \u00e0 crise e ao horror<\/em><\/strong><\/span><strong>.<\/strong><\/span><\/p>\n<p>Gostaria de convid\u00e1-los \u00e0 leitura dos eixos e envio de trabalhos.<\/p>\n<p>&nbsp;<\/p>\n<p>___________<\/p>\n<hr \/>\n<h6><span style=\"font-size: 12pt;\"><a href=\"https:\/\/ebp.org.br\/rj\/2021\/08\/04\/lancamento-das-xxviii-jornadas-clinicas-da-escola-brasileira-de-psicanalise-secao-rio-e-icp-rj-os-nomes-da-vida-marcas-da-pandemia\/#_ednref1\" name=\"_edn1\">[i]<\/a><\/span>. Psicanalista Membro da<em> Escuela de Orientaci\u00f3n Lacaniana <\/em>(EOL) Argentina e da<em> Associa\u00e7\u00e3o\u00a0Mundial de Psican\u00e1lise<\/em> (AMP), Analista da Escola (AE) no per\u00edodo de 2002 a 2005.<\/h6>\n<p>&nbsp;<\/p>\n<h6><span style=\"font-size: 12pt;\"><a href=\"https:\/\/ebp.org.br\/rj\/2021\/08\/04\/lancamento-das-xxviii-jornadas-clinicas-da-escola-brasileira-de-psicanalise-secao-rio-e-icp-rj-os-nomes-da-vida-marcas-da-pandemia\/#_ednref2\" name=\"_edn2\">[ii]<\/a><\/span>. Krenak, Ailton. <em>A vida n\u00e3o \u00e9 \u00fatil<\/em>. Rio de Janeiro: Companhia das Letras, 2020.<\/h6>\n<p>&nbsp;<\/p>\n<h6><span style=\"font-size: 12pt;\"><a href=\"https:\/\/ebp.org.br\/rj\/2021\/08\/04\/lancamento-das-xxviii-jornadas-clinicas-da-escola-brasileira-de-psicanalise-secao-rio-e-icp-rj-os-nomes-da-vida-marcas-da-pandemia\/#_ednref3\" name=\"_edn3\">[iii]<\/a>.<\/span> Psicanalista membro da <em>\u201cEscuela Lacaniana de Psicoan\u00e0lisis\u201d da \u201c\u00c9cole de la Cause Freudienne\u201d. <\/em>Ex-presidente de Associa\u00e7\u00e3o Mundial de Psican\u00e1lise (2014-2018).<\/h6>\n<p>&nbsp;<\/p>\n<h6><span style=\"font-size: 12pt;\"><a href=\"https:\/\/ebp.org.br\/rj\/2021\/08\/04\/lancamento-das-xxviii-jornadas-clinicas-da-escola-brasileira-de-psicanalise-secao-rio-e-icp-rj-os-nomes-da-vida-marcas-da-pandemia\/#_ednref4\" name=\"_edn4\"><\/a>\u00a0<a href=\"https:\/\/ebp.org.br\/rj\/2021\/08\/04\/lancamento-das-xxviii-jornadas-clinicas-da-escola-brasileira-de-psicanalise-secao-rio-e-icp-rj-os-nomes-da-vida-marcas-da-pandemia\/#_ednref5\" name=\"_edn5\">[iv]<\/a>.<\/span> Brum, E. Belo Monte, a obra que une os polos pol\u00edticos. Por Eliane Brum, \u00a0<a href=\"https:\/\/racismoambiental.net.br\/2019\/12\/06\/belo-monte-a-obra-que-une-os-polos-politicos-por-eliane-brum\/\">6 de dezembro de 2019 <\/a>&#8211; Acesso em: &lt;<strong><a href=\"https:\/\/racismoambiental.net.br\/2019\/12\/06\/belo-monte-a-obra-que-une-os-polos-politicos-por-eliane-brum\/\" target=\"_blank\" rel=\"noopener\">https:\/\/racismoambiental.net.br\/2019\/12\/06\/belo-monte-a-obra-que-une-os-polos-politicos-por-eliane-brum\/<\/a><\/strong>&gt;<\/h6>\n<p>&nbsp;<\/p>\n","protected":false},"excerpt":{"rendered":"<p>Por Ruth Helena Pinto Cohen Diretora da Escola Brasileira de Psican\u00e1lise &#8211; Se\u00e7\u00e3o Rio de Janeiro &nbsp; &nbsp; Gostaria de agradecer \u00e0 equipe de organizadores, que est\u00e1 \u00e0 frente de nossa XXVIII Jornadas, por ter sustentado o desejo decidido de trazer significantes da EBP-Rio e do ICP e lan\u00e7\u00e1-los \u00e0 interlocu\u00e7\u00e3o com a cidade e [&hellip;]<\/p>\n","protected":false},"author":1,"featured_media":0,"comment_status":"closed","ping_status":"open","sticky":false,"template":"","format":"standard","meta":{"footnotes":""},"categories":[26],"tags":[],"class_list":["post-448","post","type-post","status-publish","format-standard","hentry","category-boletim-gps"],"yoast_head":"<!-- This site is optimized with the Yoast SEO plugin v27.5 - https:\/\/yoast.com\/product\/yoast-seo-wordpress\/ -->\n<title>Lan\u00e7amento das XXVIII Jornadas Cl\u00ednicas da EBP-Rio e do ICP RJ, \u2018Os nomes da vida: marcas da pandemia\u2019 - Jornadas EBP RIO e ICPRJ<\/title>\n<meta name=\"robots\" content=\"index, follow, max-snippet:-1, max-image-preview:large, max-video-preview:-1\" \/>\n<link rel=\"canonical\" href=\"https:\/\/jornadasebprioicprj.com.br\/2021\/lancamento-das-xxviii-jornadas-clinicas-da-escola-brasileira-de-psicanalise-secao-rio-e-icp-rj-os-nomes-da-vida-marcas-da-pandemia\/\" \/>\n<meta property=\"og:locale\" content=\"pt_BR\" \/>\n<meta property=\"og:type\" content=\"article\" \/>\n<meta property=\"og:title\" content=\"Lan\u00e7amento das XXVIII Jornadas Cl\u00ednicas da EBP-Rio e do ICP RJ, \u2018Os nomes da vida: marcas da pandemia\u2019 - Jornadas EBP RIO e ICPRJ\" \/>\n<meta property=\"og:description\" content=\"Por Ruth Helena Pinto Cohen Diretora da Escola Brasileira de Psican\u00e1lise &#8211; Se\u00e7\u00e3o Rio de Janeiro &nbsp; &nbsp; Gostaria de agradecer \u00e0 equipe de organizadores, que est\u00e1 \u00e0 frente de nossa XXVIII Jornadas, por ter sustentado o desejo decidido de trazer significantes da EBP-Rio e do ICP e lan\u00e7\u00e1-los \u00e0 interlocu\u00e7\u00e3o com a cidade e [&hellip;]\" \/>\n<meta property=\"og:url\" content=\"https:\/\/jornadasebprioicprj.com.br\/2021\/lancamento-das-xxviii-jornadas-clinicas-da-escola-brasileira-de-psicanalise-secao-rio-e-icp-rj-os-nomes-da-vida-marcas-da-pandemia\/\" \/>\n<meta property=\"og:site_name\" content=\"Jornadas EBP RIO e ICPRJ\" \/>\n<meta property=\"article:published_time\" content=\"2021-08-12T14:15:48+00:00\" \/>\n<meta property=\"article:modified_time\" content=\"2021-08-14T00:02:51+00:00\" \/>\n<meta name=\"author\" content=\"jornadas\" \/>\n<meta name=\"twitter:card\" content=\"summary_large_image\" \/>\n<meta name=\"twitter:label1\" content=\"Escrito por\" \/>\n\t<meta name=\"twitter:data1\" content=\"jornadas\" \/>\n\t<meta name=\"twitter:label2\" content=\"Est. tempo de leitura\" \/>\n\t<meta name=\"twitter:data2\" content=\"5 minutos\" \/>\n<script type=\"application\/ld+json\" class=\"yoast-schema-graph\">{\"@context\":\"https:\\\/\\\/schema.org\",\"@graph\":[{\"@type\":\"Article\",\"@id\":\"https:\\\/\\\/jornadasebprioicprj.com.br\\\/2021\\\/lancamento-das-xxviii-jornadas-clinicas-da-escola-brasileira-de-psicanalise-secao-rio-e-icp-rj-os-nomes-da-vida-marcas-da-pandemia\\\/#article\",\"isPartOf\":{\"@id\":\"https:\\\/\\\/jornadasebprioicprj.com.br\\\/2021\\\/lancamento-das-xxviii-jornadas-clinicas-da-escola-brasileira-de-psicanalise-secao-rio-e-icp-rj-os-nomes-da-vida-marcas-da-pandemia\\\/\"},\"author\":{\"name\":\"jornadas\",\"@id\":\"https:\\\/\\\/jornadasebprioicprj.com.br\\\/2021\\\/#\\\/schema\\\/person\\\/a877eeb013edee082dbca99cad8bfc67\"},\"headline\":\"Lan\u00e7amento das XXVIII Jornadas Cl\u00ednicas da EBP-Rio e do ICP RJ, \u2018Os nomes da vida: marcas da pandemia\u2019\",\"datePublished\":\"2021-08-12T14:15:48+00:00\",\"dateModified\":\"2021-08-14T00:02:51+00:00\",\"mainEntityOfPage\":{\"@id\":\"https:\\\/\\\/jornadasebprioicprj.com.br\\\/2021\\\/lancamento-das-xxviii-jornadas-clinicas-da-escola-brasileira-de-psicanalise-secao-rio-e-icp-rj-os-nomes-da-vida-marcas-da-pandemia\\\/\"},\"wordCount\":981,\"articleSection\":[\"Boletim GPS\"],\"inLanguage\":\"pt-BR\"},{\"@type\":\"WebPage\",\"@id\":\"https:\\\/\\\/jornadasebprioicprj.com.br\\\/2021\\\/lancamento-das-xxviii-jornadas-clinicas-da-escola-brasileira-de-psicanalise-secao-rio-e-icp-rj-os-nomes-da-vida-marcas-da-pandemia\\\/\",\"url\":\"https:\\\/\\\/jornadasebprioicprj.com.br\\\/2021\\\/lancamento-das-xxviii-jornadas-clinicas-da-escola-brasileira-de-psicanalise-secao-rio-e-icp-rj-os-nomes-da-vida-marcas-da-pandemia\\\/\",\"name\":\"Lan\u00e7amento das XXVIII Jornadas Cl\u00ednicas da EBP-Rio e do ICP RJ, \u2018Os nomes da vida: marcas da pandemia\u2019 - Jornadas EBP RIO e ICPRJ\",\"isPartOf\":{\"@id\":\"https:\\\/\\\/jornadasebprioicprj.com.br\\\/2021\\\/#website\"},\"datePublished\":\"2021-08-12T14:15:48+00:00\",\"dateModified\":\"2021-08-14T00:02:51+00:00\",\"author\":{\"@id\":\"https:\\\/\\\/jornadasebprioicprj.com.br\\\/2021\\\/#\\\/schema\\\/person\\\/a877eeb013edee082dbca99cad8bfc67\"},\"breadcrumb\":{\"@id\":\"https:\\\/\\\/jornadasebprioicprj.com.br\\\/2021\\\/lancamento-das-xxviii-jornadas-clinicas-da-escola-brasileira-de-psicanalise-secao-rio-e-icp-rj-os-nomes-da-vida-marcas-da-pandemia\\\/#breadcrumb\"},\"inLanguage\":\"pt-BR\",\"potentialAction\":[{\"@type\":\"ReadAction\",\"target\":[\"https:\\\/\\\/jornadasebprioicprj.com.br\\\/2021\\\/lancamento-das-xxviii-jornadas-clinicas-da-escola-brasileira-de-psicanalise-secao-rio-e-icp-rj-os-nomes-da-vida-marcas-da-pandemia\\\/\"]}]},{\"@type\":\"BreadcrumbList\",\"@id\":\"https:\\\/\\\/jornadasebprioicprj.com.br\\\/2021\\\/lancamento-das-xxviii-jornadas-clinicas-da-escola-brasileira-de-psicanalise-secao-rio-e-icp-rj-os-nomes-da-vida-marcas-da-pandemia\\\/#breadcrumb\",\"itemListElement\":[{\"@type\":\"ListItem\",\"position\":1,\"name\":\"In\u00edcio\",\"item\":\"https:\\\/\\\/jornadasebprioicprj.com.br\\\/2021\\\/\"},{\"@type\":\"ListItem\",\"position\":2,\"name\":\"Lan\u00e7amento das XXVIII Jornadas Cl\u00ednicas da EBP-Rio e do ICP RJ, \u2018Os nomes da vida: marcas da pandemia\u2019\"}]},{\"@type\":\"WebSite\",\"@id\":\"https:\\\/\\\/jornadasebprioicprj.com.br\\\/2021\\\/#website\",\"url\":\"https:\\\/\\\/jornadasebprioicprj.com.br\\\/2021\\\/\",\"name\":\"Jornadas EBP RIO e ICPRJ\",\"description\":\"Escola Brasileira de Psican\u00e1lise\",\"potentialAction\":[{\"@type\":\"SearchAction\",\"target\":{\"@type\":\"EntryPoint\",\"urlTemplate\":\"https:\\\/\\\/jornadasebprioicprj.com.br\\\/2021\\\/?s={search_term_string}\"},\"query-input\":{\"@type\":\"PropertyValueSpecification\",\"valueRequired\":true,\"valueName\":\"search_term_string\"}}],\"inLanguage\":\"pt-BR\"},{\"@type\":\"Person\",\"@id\":\"https:\\\/\\\/jornadasebprioicprj.com.br\\\/2021\\\/#\\\/schema\\\/person\\\/a877eeb013edee082dbca99cad8bfc67\",\"name\":\"jornadas\",\"image\":{\"@type\":\"ImageObject\",\"inLanguage\":\"pt-BR\",\"@id\":\"https:\\\/\\\/secure.gravatar.com\\\/avatar\\\/d60d0f34e016dd50f9c3df6f5f4269aafa63cefe878ea546810736b04c310191?s=96&d=mm&r=g\",\"url\":\"https:\\\/\\\/secure.gravatar.com\\\/avatar\\\/d60d0f34e016dd50f9c3df6f5f4269aafa63cefe878ea546810736b04c310191?s=96&d=mm&r=g\",\"contentUrl\":\"https:\\\/\\\/secure.gravatar.com\\\/avatar\\\/d60d0f34e016dd50f9c3df6f5f4269aafa63cefe878ea546810736b04c310191?s=96&d=mm&r=g\",\"caption\":\"jornadas\"},\"sameAs\":[\"http:\\\/\\\/jornadasebprioicprj.com.br\\\/2021\"],\"url\":\"https:\\\/\\\/jornadasebprioicprj.com.br\\\/2021\\\/author\\\/jornadas\\\/\"}]}<\/script>\n<!-- \/ Yoast SEO plugin. -->","yoast_head_json":{"title":"Lan\u00e7amento das XXVIII Jornadas Cl\u00ednicas da EBP-Rio e do ICP RJ, \u2018Os nomes da vida: marcas da pandemia\u2019 - Jornadas EBP RIO e ICPRJ","robots":{"index":"index","follow":"follow","max-snippet":"max-snippet:-1","max-image-preview":"max-image-preview:large","max-video-preview":"max-video-preview:-1"},"canonical":"https:\/\/jornadasebprioicprj.com.br\/2021\/lancamento-das-xxviii-jornadas-clinicas-da-escola-brasileira-de-psicanalise-secao-rio-e-icp-rj-os-nomes-da-vida-marcas-da-pandemia\/","og_locale":"pt_BR","og_type":"article","og_title":"Lan\u00e7amento das XXVIII Jornadas Cl\u00ednicas da EBP-Rio e do ICP RJ, \u2018Os nomes da vida: marcas da pandemia\u2019 - Jornadas EBP RIO e ICPRJ","og_description":"Por Ruth Helena Pinto Cohen Diretora da Escola Brasileira de Psican\u00e1lise &#8211; Se\u00e7\u00e3o Rio de Janeiro &nbsp; &nbsp; Gostaria de agradecer \u00e0 equipe de organizadores, que est\u00e1 \u00e0 frente de nossa XXVIII Jornadas, por ter sustentado o desejo decidido de trazer significantes da EBP-Rio e do ICP e lan\u00e7\u00e1-los \u00e0 interlocu\u00e7\u00e3o com a cidade e [&hellip;]","og_url":"https:\/\/jornadasebprioicprj.com.br\/2021\/lancamento-das-xxviii-jornadas-clinicas-da-escola-brasileira-de-psicanalise-secao-rio-e-icp-rj-os-nomes-da-vida-marcas-da-pandemia\/","og_site_name":"Jornadas EBP RIO e ICPRJ","article_published_time":"2021-08-12T14:15:48+00:00","article_modified_time":"2021-08-14T00:02:51+00:00","author":"jornadas","twitter_card":"summary_large_image","twitter_misc":{"Escrito por":"jornadas","Est. tempo de leitura":"5 minutos"},"schema":{"@context":"https:\/\/schema.org","@graph":[{"@type":"Article","@id":"https:\/\/jornadasebprioicprj.com.br\/2021\/lancamento-das-xxviii-jornadas-clinicas-da-escola-brasileira-de-psicanalise-secao-rio-e-icp-rj-os-nomes-da-vida-marcas-da-pandemia\/#article","isPartOf":{"@id":"https:\/\/jornadasebprioicprj.com.br\/2021\/lancamento-das-xxviii-jornadas-clinicas-da-escola-brasileira-de-psicanalise-secao-rio-e-icp-rj-os-nomes-da-vida-marcas-da-pandemia\/"},"author":{"name":"jornadas","@id":"https:\/\/jornadasebprioicprj.com.br\/2021\/#\/schema\/person\/a877eeb013edee082dbca99cad8bfc67"},"headline":"Lan\u00e7amento das XXVIII Jornadas Cl\u00ednicas da EBP-Rio e do ICP RJ, \u2018Os nomes da vida: marcas da pandemia\u2019","datePublished":"2021-08-12T14:15:48+00:00","dateModified":"2021-08-14T00:02:51+00:00","mainEntityOfPage":{"@id":"https:\/\/jornadasebprioicprj.com.br\/2021\/lancamento-das-xxviii-jornadas-clinicas-da-escola-brasileira-de-psicanalise-secao-rio-e-icp-rj-os-nomes-da-vida-marcas-da-pandemia\/"},"wordCount":981,"articleSection":["Boletim GPS"],"inLanguage":"pt-BR"},{"@type":"WebPage","@id":"https:\/\/jornadasebprioicprj.com.br\/2021\/lancamento-das-xxviii-jornadas-clinicas-da-escola-brasileira-de-psicanalise-secao-rio-e-icp-rj-os-nomes-da-vida-marcas-da-pandemia\/","url":"https:\/\/jornadasebprioicprj.com.br\/2021\/lancamento-das-xxviii-jornadas-clinicas-da-escola-brasileira-de-psicanalise-secao-rio-e-icp-rj-os-nomes-da-vida-marcas-da-pandemia\/","name":"Lan\u00e7amento das XXVIII Jornadas Cl\u00ednicas da EBP-Rio e do ICP RJ, \u2018Os nomes da vida: marcas da pandemia\u2019 - Jornadas EBP RIO e ICPRJ","isPartOf":{"@id":"https:\/\/jornadasebprioicprj.com.br\/2021\/#website"},"datePublished":"2021-08-12T14:15:48+00:00","dateModified":"2021-08-14T00:02:51+00:00","author":{"@id":"https:\/\/jornadasebprioicprj.com.br\/2021\/#\/schema\/person\/a877eeb013edee082dbca99cad8bfc67"},"breadcrumb":{"@id":"https:\/\/jornadasebprioicprj.com.br\/2021\/lancamento-das-xxviii-jornadas-clinicas-da-escola-brasileira-de-psicanalise-secao-rio-e-icp-rj-os-nomes-da-vida-marcas-da-pandemia\/#breadcrumb"},"inLanguage":"pt-BR","potentialAction":[{"@type":"ReadAction","target":["https:\/\/jornadasebprioicprj.com.br\/2021\/lancamento-das-xxviii-jornadas-clinicas-da-escola-brasileira-de-psicanalise-secao-rio-e-icp-rj-os-nomes-da-vida-marcas-da-pandemia\/"]}]},{"@type":"BreadcrumbList","@id":"https:\/\/jornadasebprioicprj.com.br\/2021\/lancamento-das-xxviii-jornadas-clinicas-da-escola-brasileira-de-psicanalise-secao-rio-e-icp-rj-os-nomes-da-vida-marcas-da-pandemia\/#breadcrumb","itemListElement":[{"@type":"ListItem","position":1,"name":"In\u00edcio","item":"https:\/\/jornadasebprioicprj.com.br\/2021\/"},{"@type":"ListItem","position":2,"name":"Lan\u00e7amento das XXVIII Jornadas Cl\u00ednicas da EBP-Rio e do ICP RJ, \u2018Os nomes da vida: marcas da pandemia\u2019"}]},{"@type":"WebSite","@id":"https:\/\/jornadasebprioicprj.com.br\/2021\/#website","url":"https:\/\/jornadasebprioicprj.com.br\/2021\/","name":"Jornadas EBP RIO e ICPRJ","description":"Escola Brasileira de Psican\u00e1lise","potentialAction":[{"@type":"SearchAction","target":{"@type":"EntryPoint","urlTemplate":"https:\/\/jornadasebprioicprj.com.br\/2021\/?s={search_term_string}"},"query-input":{"@type":"PropertyValueSpecification","valueRequired":true,"valueName":"search_term_string"}}],"inLanguage":"pt-BR"},{"@type":"Person","@id":"https:\/\/jornadasebprioicprj.com.br\/2021\/#\/schema\/person\/a877eeb013edee082dbca99cad8bfc67","name":"jornadas","image":{"@type":"ImageObject","inLanguage":"pt-BR","@id":"https:\/\/secure.gravatar.com\/avatar\/d60d0f34e016dd50f9c3df6f5f4269aafa63cefe878ea546810736b04c310191?s=96&d=mm&r=g","url":"https:\/\/secure.gravatar.com\/avatar\/d60d0f34e016dd50f9c3df6f5f4269aafa63cefe878ea546810736b04c310191?s=96&d=mm&r=g","contentUrl":"https:\/\/secure.gravatar.com\/avatar\/d60d0f34e016dd50f9c3df6f5f4269aafa63cefe878ea546810736b04c310191?s=96&d=mm&r=g","caption":"jornadas"},"sameAs":["http:\/\/jornadasebprioicprj.com.br\/2021"],"url":"https:\/\/jornadasebprioicprj.com.br\/2021\/author\/jornadas\/"}]}},"_links":{"self":[{"href":"https:\/\/jornadasebprioicprj.com.br\/2021\/wp-json\/wp\/v2\/posts\/448","targetHints":{"allow":["GET"]}}],"collection":[{"href":"https:\/\/jornadasebprioicprj.com.br\/2021\/wp-json\/wp\/v2\/posts"}],"about":[{"href":"https:\/\/jornadasebprioicprj.com.br\/2021\/wp-json\/wp\/v2\/types\/post"}],"author":[{"embeddable":true,"href":"https:\/\/jornadasebprioicprj.com.br\/2021\/wp-json\/wp\/v2\/users\/1"}],"replies":[{"embeddable":true,"href":"https:\/\/jornadasebprioicprj.com.br\/2021\/wp-json\/wp\/v2\/comments?post=448"}],"version-history":[{"count":8,"href":"https:\/\/jornadasebprioicprj.com.br\/2021\/wp-json\/wp\/v2\/posts\/448\/revisions"}],"predecessor-version":[{"id":563,"href":"https:\/\/jornadasebprioicprj.com.br\/2021\/wp-json\/wp\/v2\/posts\/448\/revisions\/563"}],"wp:attachment":[{"href":"https:\/\/jornadasebprioicprj.com.br\/2021\/wp-json\/wp\/v2\/media?parent=448"}],"wp:term":[{"taxonomy":"category","embeddable":true,"href":"https:\/\/jornadasebprioicprj.com.br\/2021\/wp-json\/wp\/v2\/categories?post=448"},{"taxonomy":"post_tag","embeddable":true,"href":"https:\/\/jornadasebprioicprj.com.br\/2021\/wp-json\/wp\/v2\/tags?post=448"}],"curies":[{"name":"wp","href":"https:\/\/api.w.org\/{rel}","templated":true}]}}