{"id":442,"date":"2021-08-12T11:11:14","date_gmt":"2021-08-12T14:11:14","guid":{"rendered":"https:\/\/jornadasebprioicprj.com.br\/2021\/?p=442"},"modified":"2021-08-13T20:30:51","modified_gmt":"2021-08-13T23:30:51","slug":"durante-o-caminho","status":"publish","type":"post","link":"https:\/\/jornadasebprioicprj.com.br\/2021\/durante-o-caminho\/","title":{"rendered":"Durante o caminho"},"content":{"rendered":"<p><em>Louren\u00e7o Ast\u00faa de Moraes e Melissa Bottrel<\/em><br \/>\n<span style=\"font-family: 'Book Antiqua', Palatino; font-size: 10pt;\">Integrantes da Comiss\u00e3o de M\u00eddias das XXVIII Jornadas Cl\u00ednicas EBP\/ICP-RJ<\/span><\/p>\n<p>&nbsp;<\/p>\n<p>&nbsp;<\/p>\n<p><strong><em>Indica\u00e7\u00f5es de uso:<\/em><\/strong><\/p>\n<p><em>1- copie e cole este texto no google tradutor<\/em><\/p>\n<p><em>2- ou\u00e7a com a voz do google<\/em><\/p>\n<p><em>3 \u2013 depois, leia com sua pr\u00f3pria voz<\/em><\/p>\n<p>&nbsp;<\/p>\n<p><span style=\"font-family: american-type; font-size: 36pt;\">I<\/span>nicialmente criado para fins b\u00e9licos, o GPS, hoje utilizado para fornecer outros tipos de informa\u00e7\u00f5es de localiza\u00e7\u00e3o, nos inspirou sobre a maneira com a qual apostamos neste posicionamento durante um caminho que nos leva a algum lugar, ou n\u00e3o.<\/p>\n<p>Esse dispositivo que auxilia durante um trajeto, oferece outras informa\u00e7\u00f5es que v\u00e3o para al\u00e9m do final dele. Assim, n\u00e3o sem precis\u00e3o no direcionamento, apostamos que \u00e9 durante o deslocamento que existe espa\u00e7o para inven\u00e7\u00e3o. Como nos lembra Fabi\u00e1n Naparstek, citando Lacan no encontro de lan\u00e7amento das XXVIII Jornadas, uma inven\u00e7\u00e3o com a presen\u00e7a do Outro, n\u00e3o sem ele.<\/p>\n<p>O GPS, como bem aponta Naparstek difere muito da b\u00fassola que, indicando o norte, se orienta pelo significante. \u201cPodemos dizer que a b\u00fassola se orienta pelo Nome do Pai. O norte <em>\u00e9<\/em>\u00a0o Nome do Pai\u201d. J\u00e1 o GPS se orienta pelo objeto\u00a0<em>a<\/em> voz: uma voz que nos diz onde nos localizamos. \u201c\u00c9 preciso crer nessa voz, crer que estamos localizados no bom lugar\u201d. A passagem da b\u00fassola ao GPS, nos diz Naparstek, indica a passagem do Nome do Pai e da \u00e9poca de sua preval\u00eancia \u2013 notemos que o norte \u00e9 um, um para todos \u2013 \u00e0 \u00e9poca da preval\u00eancia do objeto\u00a0<em>a<\/em>, agora no zenit da civiliza\u00e7\u00e3o. \u201cQuando Lacan introduz o objeto\u00a0<em>a<\/em>, ele fala do objeto transicional de Winnicott, por ser um objeto que permite que nos enlacemos ao campo do Outro\u201d, um objeto de tr\u00e2nsito.<\/p>\n<p>Carregar o objeto\u00a0<em>a<\/em>\u00a0no bolso, nos diz Lacan, \u00e9 a prerrogativa daqueles que habitam a linguagem a partir de uma organiza\u00e7\u00e3o dita psic\u00f3tica. Quais seriam, ent\u00e3o, as consequ\u00eancias que podemos tirar do fato de, como nos diz Fabi\u00e1n Naparsterk, carregarmos quase todos no bolso um smartphone GPS?<\/p>\n<p>A que ponto chegamos, sem ponto de interroga\u00e7\u00e3o. Estranha pergunta-afirma\u00e7\u00e3o que, assim como uma an\u00e1lise, questiona e mant\u00e9m em aberto a pr\u00f3pria ideia de destino e deixa impl\u00edcita a ideia de uma jornada, de um percurso e de um trabalho de cartografia que deixa e assinala atr\u00e1s de si marcas, sulcos,\u00a0<em>Bahnungen<\/em>.<\/p>\n<p>O GPS n\u00e3o nos guia para o final da pandemia, nem para o final das jornadas, sejam elas cl\u00ednicas ou n\u00e3o. Entretanto, \u00e9 justamente ele que nos direciona em nosso trabalho com a palavra dentro da pandemia em curso. Enquanto este furo, cratera, pedra no meio do caminho, rocha gigante e invis\u00edvel, nos contamina, nos traz ang\u00fastia e nos mata, apostamos na utiliza\u00e7\u00e3o do GPS. Uma aposta de que h\u00e1 vida, h\u00e1 trabalho e h\u00e1 dire\u00e7\u00e3o dentro de um contexto marcado pela presen\u00e7a t\u00e3o imponente do real e da morte.<\/p>\n<p>Nosso boletim escolhe esse nome entendendo a import\u00e2ncia deste dispositivo que recalcula rota, um c\u00e1lculo necess\u00e1rio e presente em nossa pr\u00e1tica enquanto analistas. Que possamos ent\u00e3o nos localizarmos a partir da palavra e inventar novas dire\u00e7\u00f5es at\u00e9 \u00e0s jornadas, e tamb\u00e9m para al\u00e9m delas!<\/p>\n<p>&nbsp;<\/p>\n<p><em>Rio, julho de 2021<\/em><\/p>\n<p>&nbsp;<\/p>\n","protected":false},"excerpt":{"rendered":"<p>Louren\u00e7o Ast\u00faa de Moraes e Melissa Bottrel Integrantes da Comiss\u00e3o de M\u00eddias das XXVIII Jornadas Cl\u00ednicas EBP\/ICP-RJ &nbsp; &nbsp; Indica\u00e7\u00f5es de uso: 1- copie e cole este texto no google tradutor 2- ou\u00e7a com a voz do google 3 \u2013 depois, leia com sua pr\u00f3pria voz &nbsp; Inicialmente criado para fins b\u00e9licos, o GPS, hoje [&hellip;]<\/p>\n","protected":false},"author":1,"featured_media":0,"comment_status":"closed","ping_status":"open","sticky":false,"template":"","format":"standard","meta":{"footnotes":""},"categories":[26],"tags":[],"class_list":["post-442","post","type-post","status-publish","format-standard","hentry","category-boletim-gps"],"yoast_head":"<!-- This site is optimized with the Yoast SEO plugin v27.5 - https:\/\/yoast.com\/product\/yoast-seo-wordpress\/ -->\n<title>Durante o caminho - Jornadas EBP RIO e ICPRJ<\/title>\n<meta name=\"robots\" content=\"index, follow, max-snippet:-1, max-image-preview:large, max-video-preview:-1\" \/>\n<link rel=\"canonical\" href=\"https:\/\/jornadasebprioicprj.com.br\/2021\/durante-o-caminho\/\" \/>\n<meta property=\"og:locale\" content=\"pt_BR\" \/>\n<meta property=\"og:type\" content=\"article\" \/>\n<meta property=\"og:title\" content=\"Durante o caminho - Jornadas EBP RIO e ICPRJ\" \/>\n<meta property=\"og:description\" content=\"Louren\u00e7o Ast\u00faa de Moraes e Melissa Bottrel Integrantes da Comiss\u00e3o de M\u00eddias das XXVIII Jornadas Cl\u00ednicas EBP\/ICP-RJ &nbsp; &nbsp; Indica\u00e7\u00f5es de uso: 1- copie e cole este texto no google tradutor 2- ou\u00e7a com a voz do google 3 \u2013 depois, leia com sua pr\u00f3pria voz &nbsp; Inicialmente criado para fins b\u00e9licos, o GPS, hoje [&hellip;]\" \/>\n<meta property=\"og:url\" content=\"https:\/\/jornadasebprioicprj.com.br\/2021\/durante-o-caminho\/\" \/>\n<meta property=\"og:site_name\" content=\"Jornadas EBP RIO e ICPRJ\" \/>\n<meta property=\"article:published_time\" content=\"2021-08-12T14:11:14+00:00\" \/>\n<meta property=\"article:modified_time\" content=\"2021-08-13T23:30:51+00:00\" \/>\n<meta name=\"author\" content=\"jornadas\" \/>\n<meta name=\"twitter:card\" content=\"summary_large_image\" \/>\n<meta name=\"twitter:label1\" content=\"Escrito por\" \/>\n\t<meta name=\"twitter:data1\" content=\"jornadas\" \/>\n\t<meta name=\"twitter:label2\" content=\"Est. tempo de leitura\" \/>\n\t<meta name=\"twitter:data2\" content=\"3 minutos\" \/>\n<script type=\"application\/ld+json\" class=\"yoast-schema-graph\">{\"@context\":\"https:\\\/\\\/schema.org\",\"@graph\":[{\"@type\":\"Article\",\"@id\":\"https:\\\/\\\/jornadasebprioicprj.com.br\\\/2021\\\/durante-o-caminho\\\/#article\",\"isPartOf\":{\"@id\":\"https:\\\/\\\/jornadasebprioicprj.com.br\\\/2021\\\/durante-o-caminho\\\/\"},\"author\":{\"name\":\"jornadas\",\"@id\":\"https:\\\/\\\/jornadasebprioicprj.com.br\\\/2021\\\/#\\\/schema\\\/person\\\/a877eeb013edee082dbca99cad8bfc67\"},\"headline\":\"Durante o caminho\",\"datePublished\":\"2021-08-12T14:11:14+00:00\",\"dateModified\":\"2021-08-13T23:30:51+00:00\",\"mainEntityOfPage\":{\"@id\":\"https:\\\/\\\/jornadasebprioicprj.com.br\\\/2021\\\/durante-o-caminho\\\/\"},\"wordCount\":576,\"articleSection\":[\"Boletim GPS\"],\"inLanguage\":\"pt-BR\"},{\"@type\":\"WebPage\",\"@id\":\"https:\\\/\\\/jornadasebprioicprj.com.br\\\/2021\\\/durante-o-caminho\\\/\",\"url\":\"https:\\\/\\\/jornadasebprioicprj.com.br\\\/2021\\\/durante-o-caminho\\\/\",\"name\":\"Durante o caminho - Jornadas EBP RIO e ICPRJ\",\"isPartOf\":{\"@id\":\"https:\\\/\\\/jornadasebprioicprj.com.br\\\/2021\\\/#website\"},\"datePublished\":\"2021-08-12T14:11:14+00:00\",\"dateModified\":\"2021-08-13T23:30:51+00:00\",\"author\":{\"@id\":\"https:\\\/\\\/jornadasebprioicprj.com.br\\\/2021\\\/#\\\/schema\\\/person\\\/a877eeb013edee082dbca99cad8bfc67\"},\"breadcrumb\":{\"@id\":\"https:\\\/\\\/jornadasebprioicprj.com.br\\\/2021\\\/durante-o-caminho\\\/#breadcrumb\"},\"inLanguage\":\"pt-BR\",\"potentialAction\":[{\"@type\":\"ReadAction\",\"target\":[\"https:\\\/\\\/jornadasebprioicprj.com.br\\\/2021\\\/durante-o-caminho\\\/\"]}]},{\"@type\":\"BreadcrumbList\",\"@id\":\"https:\\\/\\\/jornadasebprioicprj.com.br\\\/2021\\\/durante-o-caminho\\\/#breadcrumb\",\"itemListElement\":[{\"@type\":\"ListItem\",\"position\":1,\"name\":\"In\u00edcio\",\"item\":\"https:\\\/\\\/jornadasebprioicprj.com.br\\\/2021\\\/\"},{\"@type\":\"ListItem\",\"position\":2,\"name\":\"Durante o caminho\"}]},{\"@type\":\"WebSite\",\"@id\":\"https:\\\/\\\/jornadasebprioicprj.com.br\\\/2021\\\/#website\",\"url\":\"https:\\\/\\\/jornadasebprioicprj.com.br\\\/2021\\\/\",\"name\":\"Jornadas EBP RIO e ICPRJ\",\"description\":\"Escola Brasileira de Psican\u00e1lise\",\"potentialAction\":[{\"@type\":\"SearchAction\",\"target\":{\"@type\":\"EntryPoint\",\"urlTemplate\":\"https:\\\/\\\/jornadasebprioicprj.com.br\\\/2021\\\/?s={search_term_string}\"},\"query-input\":{\"@type\":\"PropertyValueSpecification\",\"valueRequired\":true,\"valueName\":\"search_term_string\"}}],\"inLanguage\":\"pt-BR\"},{\"@type\":\"Person\",\"@id\":\"https:\\\/\\\/jornadasebprioicprj.com.br\\\/2021\\\/#\\\/schema\\\/person\\\/a877eeb013edee082dbca99cad8bfc67\",\"name\":\"jornadas\",\"image\":{\"@type\":\"ImageObject\",\"inLanguage\":\"pt-BR\",\"@id\":\"https:\\\/\\\/secure.gravatar.com\\\/avatar\\\/d60d0f34e016dd50f9c3df6f5f4269aafa63cefe878ea546810736b04c310191?s=96&d=mm&r=g\",\"url\":\"https:\\\/\\\/secure.gravatar.com\\\/avatar\\\/d60d0f34e016dd50f9c3df6f5f4269aafa63cefe878ea546810736b04c310191?s=96&d=mm&r=g\",\"contentUrl\":\"https:\\\/\\\/secure.gravatar.com\\\/avatar\\\/d60d0f34e016dd50f9c3df6f5f4269aafa63cefe878ea546810736b04c310191?s=96&d=mm&r=g\",\"caption\":\"jornadas\"},\"sameAs\":[\"http:\\\/\\\/jornadasebprioicprj.com.br\\\/2021\"],\"url\":\"https:\\\/\\\/jornadasebprioicprj.com.br\\\/2021\\\/author\\\/jornadas\\\/\"}]}<\/script>\n<!-- \/ Yoast SEO plugin. -->","yoast_head_json":{"title":"Durante o caminho - Jornadas EBP RIO e ICPRJ","robots":{"index":"index","follow":"follow","max-snippet":"max-snippet:-1","max-image-preview":"max-image-preview:large","max-video-preview":"max-video-preview:-1"},"canonical":"https:\/\/jornadasebprioicprj.com.br\/2021\/durante-o-caminho\/","og_locale":"pt_BR","og_type":"article","og_title":"Durante o caminho - Jornadas EBP RIO e ICPRJ","og_description":"Louren\u00e7o Ast\u00faa de Moraes e Melissa Bottrel Integrantes da Comiss\u00e3o de M\u00eddias das XXVIII Jornadas Cl\u00ednicas EBP\/ICP-RJ &nbsp; &nbsp; Indica\u00e7\u00f5es de uso: 1- copie e cole este texto no google tradutor 2- ou\u00e7a com a voz do google 3 \u2013 depois, leia com sua pr\u00f3pria voz &nbsp; Inicialmente criado para fins b\u00e9licos, o GPS, hoje [&hellip;]","og_url":"https:\/\/jornadasebprioicprj.com.br\/2021\/durante-o-caminho\/","og_site_name":"Jornadas EBP RIO e ICPRJ","article_published_time":"2021-08-12T14:11:14+00:00","article_modified_time":"2021-08-13T23:30:51+00:00","author":"jornadas","twitter_card":"summary_large_image","twitter_misc":{"Escrito por":"jornadas","Est. tempo de leitura":"3 minutos"},"schema":{"@context":"https:\/\/schema.org","@graph":[{"@type":"Article","@id":"https:\/\/jornadasebprioicprj.com.br\/2021\/durante-o-caminho\/#article","isPartOf":{"@id":"https:\/\/jornadasebprioicprj.com.br\/2021\/durante-o-caminho\/"},"author":{"name":"jornadas","@id":"https:\/\/jornadasebprioicprj.com.br\/2021\/#\/schema\/person\/a877eeb013edee082dbca99cad8bfc67"},"headline":"Durante o caminho","datePublished":"2021-08-12T14:11:14+00:00","dateModified":"2021-08-13T23:30:51+00:00","mainEntityOfPage":{"@id":"https:\/\/jornadasebprioicprj.com.br\/2021\/durante-o-caminho\/"},"wordCount":576,"articleSection":["Boletim GPS"],"inLanguage":"pt-BR"},{"@type":"WebPage","@id":"https:\/\/jornadasebprioicprj.com.br\/2021\/durante-o-caminho\/","url":"https:\/\/jornadasebprioicprj.com.br\/2021\/durante-o-caminho\/","name":"Durante o caminho - Jornadas EBP RIO e ICPRJ","isPartOf":{"@id":"https:\/\/jornadasebprioicprj.com.br\/2021\/#website"},"datePublished":"2021-08-12T14:11:14+00:00","dateModified":"2021-08-13T23:30:51+00:00","author":{"@id":"https:\/\/jornadasebprioicprj.com.br\/2021\/#\/schema\/person\/a877eeb013edee082dbca99cad8bfc67"},"breadcrumb":{"@id":"https:\/\/jornadasebprioicprj.com.br\/2021\/durante-o-caminho\/#breadcrumb"},"inLanguage":"pt-BR","potentialAction":[{"@type":"ReadAction","target":["https:\/\/jornadasebprioicprj.com.br\/2021\/durante-o-caminho\/"]}]},{"@type":"BreadcrumbList","@id":"https:\/\/jornadasebprioicprj.com.br\/2021\/durante-o-caminho\/#breadcrumb","itemListElement":[{"@type":"ListItem","position":1,"name":"In\u00edcio","item":"https:\/\/jornadasebprioicprj.com.br\/2021\/"},{"@type":"ListItem","position":2,"name":"Durante o caminho"}]},{"@type":"WebSite","@id":"https:\/\/jornadasebprioicprj.com.br\/2021\/#website","url":"https:\/\/jornadasebprioicprj.com.br\/2021\/","name":"Jornadas EBP RIO e ICPRJ","description":"Escola Brasileira de Psican\u00e1lise","potentialAction":[{"@type":"SearchAction","target":{"@type":"EntryPoint","urlTemplate":"https:\/\/jornadasebprioicprj.com.br\/2021\/?s={search_term_string}"},"query-input":{"@type":"PropertyValueSpecification","valueRequired":true,"valueName":"search_term_string"}}],"inLanguage":"pt-BR"},{"@type":"Person","@id":"https:\/\/jornadasebprioicprj.com.br\/2021\/#\/schema\/person\/a877eeb013edee082dbca99cad8bfc67","name":"jornadas","image":{"@type":"ImageObject","inLanguage":"pt-BR","@id":"https:\/\/secure.gravatar.com\/avatar\/d60d0f34e016dd50f9c3df6f5f4269aafa63cefe878ea546810736b04c310191?s=96&d=mm&r=g","url":"https:\/\/secure.gravatar.com\/avatar\/d60d0f34e016dd50f9c3df6f5f4269aafa63cefe878ea546810736b04c310191?s=96&d=mm&r=g","contentUrl":"https:\/\/secure.gravatar.com\/avatar\/d60d0f34e016dd50f9c3df6f5f4269aafa63cefe878ea546810736b04c310191?s=96&d=mm&r=g","caption":"jornadas"},"sameAs":["http:\/\/jornadasebprioicprj.com.br\/2021"],"url":"https:\/\/jornadasebprioicprj.com.br\/2021\/author\/jornadas\/"}]}},"_links":{"self":[{"href":"https:\/\/jornadasebprioicprj.com.br\/2021\/wp-json\/wp\/v2\/posts\/442","targetHints":{"allow":["GET"]}}],"collection":[{"href":"https:\/\/jornadasebprioicprj.com.br\/2021\/wp-json\/wp\/v2\/posts"}],"about":[{"href":"https:\/\/jornadasebprioicprj.com.br\/2021\/wp-json\/wp\/v2\/types\/post"}],"author":[{"embeddable":true,"href":"https:\/\/jornadasebprioicprj.com.br\/2021\/wp-json\/wp\/v2\/users\/1"}],"replies":[{"embeddable":true,"href":"https:\/\/jornadasebprioicprj.com.br\/2021\/wp-json\/wp\/v2\/comments?post=442"}],"version-history":[{"count":4,"href":"https:\/\/jornadasebprioicprj.com.br\/2021\/wp-json\/wp\/v2\/posts\/442\/revisions"}],"predecessor-version":[{"id":552,"href":"https:\/\/jornadasebprioicprj.com.br\/2021\/wp-json\/wp\/v2\/posts\/442\/revisions\/552"}],"wp:attachment":[{"href":"https:\/\/jornadasebprioicprj.com.br\/2021\/wp-json\/wp\/v2\/media?parent=442"}],"wp:term":[{"taxonomy":"category","embeddable":true,"href":"https:\/\/jornadasebprioicprj.com.br\/2021\/wp-json\/wp\/v2\/categories?post=442"},{"taxonomy":"post_tag","embeddable":true,"href":"https:\/\/jornadasebprioicprj.com.br\/2021\/wp-json\/wp\/v2\/tags?post=442"}],"curies":[{"name":"wp","href":"https:\/\/api.w.org\/{rel}","templated":true}]}}