{"id":307,"date":"2021-08-11T11:32:52","date_gmt":"2021-08-11T14:32:52","guid":{"rendered":"https:\/\/jornadasebprioicprj.com.br\/2021\/?p=307"},"modified":"2021-08-13T20:29:17","modified_gmt":"2021-08-13T23:29:17","slug":"um-estranho-familiar","status":"publish","type":"post","link":"https:\/\/jornadasebprioicprj.com.br\/2021\/um-estranho-familiar\/","title":{"rendered":"Um estranho familiar"},"content":{"rendered":"<p><em>Angela Negreiros<\/em><\/p>\n<p><span style=\"font-family: 'Book Antiqua', Palatino; font-size: 10pt;\">Psicanalista membro da EBP e da AMP<\/span><\/p>\n<p>&nbsp;<\/p>\n<p>&nbsp;<\/p>\n<p><span style=\"font-family: 'Book Antiqua', Palatino;\"><span style=\"font-family: american-type; font-size: 36pt;\">N<\/span>osso estimado colega e vizinho \u00edntimo Fabi\u00e1n Naparstek nos visitou neste perto-longe em que nos encontramos. Foi um prazer v\u00ea-lo e ouvir suas palavras que teceram para n\u00f3s uma trama nova, mas que reconhecemos t\u00e3o antiga\u2026 Fabi\u00e1n nos revela que seu sobrenome \u00e9 relativo ao of\u00edcio de tecelagem de seus antepassados. O <em>teaser <\/em>da Jornada mostra a imagem de um\u00a0 tear que tece\u2026palavras! Escolhi, entre elas, falar um pouco justamente do car\u00e1ter da trama que se desenrola na pandemia e que nosso convidado nos apresenta de maneira particular: o estranho familiar. Os opostos que se entrela\u00e7am, o mais \u00edntimo e mais desconhecido, o fora que \u00e9 tamb\u00e9m dentro, o \u00eaxtimo, a liberdade entre quatro paredes, o que \u00e9 e n\u00e3o \u00e9 ao mesmo tempo.<\/span><\/p>\n<p><span style=\"font-family: 'Book Antiqua', Palatino;\">Est\u00e1vamos \u00e0s voltas com nosso <em>n\u00e3o todo<\/em> do dia a dia, quando aos poucos ouvimos not\u00edcias de que algo terr\u00edvel e long\u00ednquo poderia chegar. E\u2026 PAN !!!, o <em>todo<\/em> de uma PANdemia \u00e9 anunciado. Como bem definiu Marcia Zucchi nesse mesmo encontro, &#8220;a ang\u00fastia \u00e9 a presen\u00e7a do objeto onde deveria haver furo para o desejo circular&#8221;. Eis que uma presen\u00e7a desconhecida e invis\u00edvel\u00a0 no ar amea\u00e7a a todos mortalmente. Logo tem um nome, e logo\u00a0 uma imagem, que se assemelha a uma cabe\u00e7a da Medusa. Sinistra imagem, que os desenhos de luta das crian\u00e7as v\u00e3o nos apontar. A castra\u00e7\u00e3o, nos diz Freud. E\u00a0 alguns pedem socorro aos analistas. Lacan, no inicio do Semin\u00e1rio 10, compara a ang\u00fastia a um instrumento de tortura que \u00e9 inserido na boca do sujeito e que o impede de falar, gritar. Tem o nome de pera da ang\u00fastia. Primeiro\u00a0 terror que tampona nossa fala, e a partir do qual, aquilo que era PAN, de todos, passa a ser tamb\u00e9m de cada um. E cada um tenta retomar suas vias de desejo e demanda, seu desfiladeiro de significantes, seu corpo, sua vida. Isso n\u00e3o \u00e9 igual para todos, embora um fen\u00f4meno de massa tenha \u201cpolitizado\u201d grupalmente o escudo que protege do olhar mort\u00edfero da Medusa. Recalque, condensa\u00e7\u00e3o, deslocamento, recusa, forclus\u00e3o. Medo do medo, paranoia, produ\u00e7\u00e3o de sentido, teorias da conspira\u00e7\u00e3o, objeto olhar no Zenith do mundo dito civilizado\u2026 A procura pelas terapias e tamb\u00e9m pelas drogas aumenta, e pela psican\u00e1lise tamb\u00e9m, \u00e9 preciso falar para afastar a pera da ang\u00fastia. E, como bem mostrou Naparstek, o encerramento na intimidade de quatro paredes transformou \u00edntimos em estranhos que poderiam carregar &#8220;v\u00edrus&#8221; de toda ordem, desconhecidos. Tamb\u00e9m o corpo se torna estrangeiro para si mesmo\u2026 Esses corpos, esse dizeres que se estranham e que por hora entrevemos na telinha ser\u00e3o os mesmos quando voltarmos ao &#8220;normal&#8221;? Nosso GPS procura os &#8220;Nomes da Vida&#8221;, nomes de gozo, Nomes-do-Pai, nos lembra nosso visitante com Miller. Sempre um dever \u00e9tico da psican\u00e1lise, retomar as vias do desejo e do gozo, como Ruth Cohen aponta.<\/span><\/p>\n<p>&nbsp;<\/p>\n<p>&nbsp;<\/p>\n<p>&nbsp;<\/p>\n","protected":false},"excerpt":{"rendered":"<p>Angela Negreiros Psicanalista membro da EBP e da AMP &nbsp; &nbsp; Nosso estimado colega e vizinho \u00edntimo Fabi\u00e1n Naparstek nos visitou neste perto-longe em que nos encontramos. Foi um prazer v\u00ea-lo e ouvir suas palavras que teceram para n\u00f3s uma trama nova, mas que reconhecemos t\u00e3o antiga\u2026 Fabi\u00e1n nos revela que seu sobrenome \u00e9 relativo [&hellip;]<\/p>\n","protected":false},"author":1,"featured_media":0,"comment_status":"closed","ping_status":"open","sticky":false,"template":"","format":"standard","meta":{"footnotes":""},"categories":[26],"tags":[],"class_list":["post-307","post","type-post","status-publish","format-standard","hentry","category-boletim-gps"],"yoast_head":"<!-- This site is optimized with the Yoast SEO plugin v27.5 - https:\/\/yoast.com\/product\/yoast-seo-wordpress\/ -->\n<title>Um estranho familiar - Jornadas EBP RIO e ICPRJ<\/title>\n<meta name=\"robots\" content=\"index, follow, max-snippet:-1, max-image-preview:large, max-video-preview:-1\" \/>\n<link rel=\"canonical\" href=\"https:\/\/jornadasebprioicprj.com.br\/2021\/um-estranho-familiar\/\" \/>\n<meta property=\"og:locale\" content=\"pt_BR\" \/>\n<meta property=\"og:type\" content=\"article\" \/>\n<meta property=\"og:title\" content=\"Um estranho familiar - Jornadas EBP RIO e ICPRJ\" \/>\n<meta property=\"og:description\" content=\"Angela Negreiros Psicanalista membro da EBP e da AMP &nbsp; &nbsp; Nosso estimado colega e vizinho \u00edntimo Fabi\u00e1n Naparstek nos visitou neste perto-longe em que nos encontramos. Foi um prazer v\u00ea-lo e ouvir suas palavras que teceram para n\u00f3s uma trama nova, mas que reconhecemos t\u00e3o antiga\u2026 Fabi\u00e1n nos revela que seu sobrenome \u00e9 relativo [&hellip;]\" \/>\n<meta property=\"og:url\" content=\"https:\/\/jornadasebprioicprj.com.br\/2021\/um-estranho-familiar\/\" \/>\n<meta property=\"og:site_name\" content=\"Jornadas EBP RIO e ICPRJ\" \/>\n<meta property=\"article:published_time\" content=\"2021-08-11T14:32:52+00:00\" \/>\n<meta property=\"article:modified_time\" content=\"2021-08-13T23:29:17+00:00\" \/>\n<meta name=\"author\" content=\"jornadas\" \/>\n<meta name=\"twitter:card\" content=\"summary_large_image\" \/>\n<meta name=\"twitter:label1\" content=\"Escrito por\" \/>\n\t<meta name=\"twitter:data1\" content=\"jornadas\" \/>\n\t<meta name=\"twitter:label2\" content=\"Est. tempo de leitura\" \/>\n\t<meta name=\"twitter:data2\" content=\"3 minutos\" \/>\n<script type=\"application\/ld+json\" class=\"yoast-schema-graph\">{\"@context\":\"https:\\\/\\\/schema.org\",\"@graph\":[{\"@type\":\"Article\",\"@id\":\"https:\\\/\\\/jornadasebprioicprj.com.br\\\/2021\\\/um-estranho-familiar\\\/#article\",\"isPartOf\":{\"@id\":\"https:\\\/\\\/jornadasebprioicprj.com.br\\\/2021\\\/um-estranho-familiar\\\/\"},\"author\":{\"name\":\"jornadas\",\"@id\":\"https:\\\/\\\/jornadasebprioicprj.com.br\\\/2021\\\/#\\\/schema\\\/person\\\/a877eeb013edee082dbca99cad8bfc67\"},\"headline\":\"Um estranho familiar\",\"datePublished\":\"2021-08-11T14:32:52+00:00\",\"dateModified\":\"2021-08-13T23:29:17+00:00\",\"mainEntityOfPage\":{\"@id\":\"https:\\\/\\\/jornadasebprioicprj.com.br\\\/2021\\\/um-estranho-familiar\\\/\"},\"wordCount\":518,\"articleSection\":[\"Boletim GPS\"],\"inLanguage\":\"pt-BR\"},{\"@type\":\"WebPage\",\"@id\":\"https:\\\/\\\/jornadasebprioicprj.com.br\\\/2021\\\/um-estranho-familiar\\\/\",\"url\":\"https:\\\/\\\/jornadasebprioicprj.com.br\\\/2021\\\/um-estranho-familiar\\\/\",\"name\":\"Um estranho familiar - Jornadas EBP RIO e ICPRJ\",\"isPartOf\":{\"@id\":\"https:\\\/\\\/jornadasebprioicprj.com.br\\\/2021\\\/#website\"},\"datePublished\":\"2021-08-11T14:32:52+00:00\",\"dateModified\":\"2021-08-13T23:29:17+00:00\",\"author\":{\"@id\":\"https:\\\/\\\/jornadasebprioicprj.com.br\\\/2021\\\/#\\\/schema\\\/person\\\/a877eeb013edee082dbca99cad8bfc67\"},\"breadcrumb\":{\"@id\":\"https:\\\/\\\/jornadasebprioicprj.com.br\\\/2021\\\/um-estranho-familiar\\\/#breadcrumb\"},\"inLanguage\":\"pt-BR\",\"potentialAction\":[{\"@type\":\"ReadAction\",\"target\":[\"https:\\\/\\\/jornadasebprioicprj.com.br\\\/2021\\\/um-estranho-familiar\\\/\"]}]},{\"@type\":\"BreadcrumbList\",\"@id\":\"https:\\\/\\\/jornadasebprioicprj.com.br\\\/2021\\\/um-estranho-familiar\\\/#breadcrumb\",\"itemListElement\":[{\"@type\":\"ListItem\",\"position\":1,\"name\":\"In\u00edcio\",\"item\":\"https:\\\/\\\/jornadasebprioicprj.com.br\\\/2021\\\/\"},{\"@type\":\"ListItem\",\"position\":2,\"name\":\"Um estranho familiar\"}]},{\"@type\":\"WebSite\",\"@id\":\"https:\\\/\\\/jornadasebprioicprj.com.br\\\/2021\\\/#website\",\"url\":\"https:\\\/\\\/jornadasebprioicprj.com.br\\\/2021\\\/\",\"name\":\"Jornadas EBP RIO e ICPRJ\",\"description\":\"Escola Brasileira de Psican\u00e1lise\",\"potentialAction\":[{\"@type\":\"SearchAction\",\"target\":{\"@type\":\"EntryPoint\",\"urlTemplate\":\"https:\\\/\\\/jornadasebprioicprj.com.br\\\/2021\\\/?s={search_term_string}\"},\"query-input\":{\"@type\":\"PropertyValueSpecification\",\"valueRequired\":true,\"valueName\":\"search_term_string\"}}],\"inLanguage\":\"pt-BR\"},{\"@type\":\"Person\",\"@id\":\"https:\\\/\\\/jornadasebprioicprj.com.br\\\/2021\\\/#\\\/schema\\\/person\\\/a877eeb013edee082dbca99cad8bfc67\",\"name\":\"jornadas\",\"image\":{\"@type\":\"ImageObject\",\"inLanguage\":\"pt-BR\",\"@id\":\"https:\\\/\\\/secure.gravatar.com\\\/avatar\\\/d60d0f34e016dd50f9c3df6f5f4269aafa63cefe878ea546810736b04c310191?s=96&d=mm&r=g\",\"url\":\"https:\\\/\\\/secure.gravatar.com\\\/avatar\\\/d60d0f34e016dd50f9c3df6f5f4269aafa63cefe878ea546810736b04c310191?s=96&d=mm&r=g\",\"contentUrl\":\"https:\\\/\\\/secure.gravatar.com\\\/avatar\\\/d60d0f34e016dd50f9c3df6f5f4269aafa63cefe878ea546810736b04c310191?s=96&d=mm&r=g\",\"caption\":\"jornadas\"},\"sameAs\":[\"http:\\\/\\\/jornadasebprioicprj.com.br\\\/2021\"],\"url\":\"https:\\\/\\\/jornadasebprioicprj.com.br\\\/2021\\\/author\\\/jornadas\\\/\"}]}<\/script>\n<!-- \/ Yoast SEO plugin. -->","yoast_head_json":{"title":"Um estranho familiar - Jornadas EBP RIO e ICPRJ","robots":{"index":"index","follow":"follow","max-snippet":"max-snippet:-1","max-image-preview":"max-image-preview:large","max-video-preview":"max-video-preview:-1"},"canonical":"https:\/\/jornadasebprioicprj.com.br\/2021\/um-estranho-familiar\/","og_locale":"pt_BR","og_type":"article","og_title":"Um estranho familiar - Jornadas EBP RIO e ICPRJ","og_description":"Angela Negreiros Psicanalista membro da EBP e da AMP &nbsp; &nbsp; Nosso estimado colega e vizinho \u00edntimo Fabi\u00e1n Naparstek nos visitou neste perto-longe em que nos encontramos. Foi um prazer v\u00ea-lo e ouvir suas palavras que teceram para n\u00f3s uma trama nova, mas que reconhecemos t\u00e3o antiga\u2026 Fabi\u00e1n nos revela que seu sobrenome \u00e9 relativo [&hellip;]","og_url":"https:\/\/jornadasebprioicprj.com.br\/2021\/um-estranho-familiar\/","og_site_name":"Jornadas EBP RIO e ICPRJ","article_published_time":"2021-08-11T14:32:52+00:00","article_modified_time":"2021-08-13T23:29:17+00:00","author":"jornadas","twitter_card":"summary_large_image","twitter_misc":{"Escrito por":"jornadas","Est. tempo de leitura":"3 minutos"},"schema":{"@context":"https:\/\/schema.org","@graph":[{"@type":"Article","@id":"https:\/\/jornadasebprioicprj.com.br\/2021\/um-estranho-familiar\/#article","isPartOf":{"@id":"https:\/\/jornadasebprioicprj.com.br\/2021\/um-estranho-familiar\/"},"author":{"name":"jornadas","@id":"https:\/\/jornadasebprioicprj.com.br\/2021\/#\/schema\/person\/a877eeb013edee082dbca99cad8bfc67"},"headline":"Um estranho familiar","datePublished":"2021-08-11T14:32:52+00:00","dateModified":"2021-08-13T23:29:17+00:00","mainEntityOfPage":{"@id":"https:\/\/jornadasebprioicprj.com.br\/2021\/um-estranho-familiar\/"},"wordCount":518,"articleSection":["Boletim GPS"],"inLanguage":"pt-BR"},{"@type":"WebPage","@id":"https:\/\/jornadasebprioicprj.com.br\/2021\/um-estranho-familiar\/","url":"https:\/\/jornadasebprioicprj.com.br\/2021\/um-estranho-familiar\/","name":"Um estranho familiar - Jornadas EBP RIO e ICPRJ","isPartOf":{"@id":"https:\/\/jornadasebprioicprj.com.br\/2021\/#website"},"datePublished":"2021-08-11T14:32:52+00:00","dateModified":"2021-08-13T23:29:17+00:00","author":{"@id":"https:\/\/jornadasebprioicprj.com.br\/2021\/#\/schema\/person\/a877eeb013edee082dbca99cad8bfc67"},"breadcrumb":{"@id":"https:\/\/jornadasebprioicprj.com.br\/2021\/um-estranho-familiar\/#breadcrumb"},"inLanguage":"pt-BR","potentialAction":[{"@type":"ReadAction","target":["https:\/\/jornadasebprioicprj.com.br\/2021\/um-estranho-familiar\/"]}]},{"@type":"BreadcrumbList","@id":"https:\/\/jornadasebprioicprj.com.br\/2021\/um-estranho-familiar\/#breadcrumb","itemListElement":[{"@type":"ListItem","position":1,"name":"In\u00edcio","item":"https:\/\/jornadasebprioicprj.com.br\/2021\/"},{"@type":"ListItem","position":2,"name":"Um estranho familiar"}]},{"@type":"WebSite","@id":"https:\/\/jornadasebprioicprj.com.br\/2021\/#website","url":"https:\/\/jornadasebprioicprj.com.br\/2021\/","name":"Jornadas EBP RIO e ICPRJ","description":"Escola Brasileira de Psican\u00e1lise","potentialAction":[{"@type":"SearchAction","target":{"@type":"EntryPoint","urlTemplate":"https:\/\/jornadasebprioicprj.com.br\/2021\/?s={search_term_string}"},"query-input":{"@type":"PropertyValueSpecification","valueRequired":true,"valueName":"search_term_string"}}],"inLanguage":"pt-BR"},{"@type":"Person","@id":"https:\/\/jornadasebprioicprj.com.br\/2021\/#\/schema\/person\/a877eeb013edee082dbca99cad8bfc67","name":"jornadas","image":{"@type":"ImageObject","inLanguage":"pt-BR","@id":"https:\/\/secure.gravatar.com\/avatar\/d60d0f34e016dd50f9c3df6f5f4269aafa63cefe878ea546810736b04c310191?s=96&d=mm&r=g","url":"https:\/\/secure.gravatar.com\/avatar\/d60d0f34e016dd50f9c3df6f5f4269aafa63cefe878ea546810736b04c310191?s=96&d=mm&r=g","contentUrl":"https:\/\/secure.gravatar.com\/avatar\/d60d0f34e016dd50f9c3df6f5f4269aafa63cefe878ea546810736b04c310191?s=96&d=mm&r=g","caption":"jornadas"},"sameAs":["http:\/\/jornadasebprioicprj.com.br\/2021"],"url":"https:\/\/jornadasebprioicprj.com.br\/2021\/author\/jornadas\/"}]}},"_links":{"self":[{"href":"https:\/\/jornadasebprioicprj.com.br\/2021\/wp-json\/wp\/v2\/posts\/307","targetHints":{"allow":["GET"]}}],"collection":[{"href":"https:\/\/jornadasebprioicprj.com.br\/2021\/wp-json\/wp\/v2\/posts"}],"about":[{"href":"https:\/\/jornadasebprioicprj.com.br\/2021\/wp-json\/wp\/v2\/types\/post"}],"author":[{"embeddable":true,"href":"https:\/\/jornadasebprioicprj.com.br\/2021\/wp-json\/wp\/v2\/users\/1"}],"replies":[{"embeddable":true,"href":"https:\/\/jornadasebprioicprj.com.br\/2021\/wp-json\/wp\/v2\/comments?post=307"}],"version-history":[{"count":5,"href":"https:\/\/jornadasebprioicprj.com.br\/2021\/wp-json\/wp\/v2\/posts\/307\/revisions"}],"predecessor-version":[{"id":551,"href":"https:\/\/jornadasebprioicprj.com.br\/2021\/wp-json\/wp\/v2\/posts\/307\/revisions\/551"}],"wp:attachment":[{"href":"https:\/\/jornadasebprioicprj.com.br\/2021\/wp-json\/wp\/v2\/media?parent=307"}],"wp:term":[{"taxonomy":"category","embeddable":true,"href":"https:\/\/jornadasebprioicprj.com.br\/2021\/wp-json\/wp\/v2\/categories?post=307"},{"taxonomy":"post_tag","embeddable":true,"href":"https:\/\/jornadasebprioicprj.com.br\/2021\/wp-json\/wp\/v2\/tags?post=307"}],"curies":[{"name":"wp","href":"https:\/\/api.w.org\/{rel}","templated":true}]}}