{"id":303,"date":"2021-08-11T11:31:32","date_gmt":"2021-08-11T14:31:32","guid":{"rendered":"https:\/\/jornadasebprioicprj.com.br\/2021\/?p=303"},"modified":"2021-08-13T20:56:55","modified_gmt":"2021-08-13T23:56:55","slug":"e-o-corpo-que-se-tornou-estrangeiro-fabian-naspartek","status":"publish","type":"post","link":"https:\/\/jornadasebprioicprj.com.br\/2021\/e-o-corpo-que-se-tornou-estrangeiro-fabian-naspartek\/","title":{"rendered":"\u201c\u00c9 o corpo que se tornou estrangeiro!\u201d [1]"},"content":{"rendered":"<p><em>Ana Beatriz Zimmermann<\/em><br \/>\n<span style=\"font-family: 'Book Antiqua', Palatino; font-size: 10pt;\">Integrante da Comiss\u00e3o de Infra-estrutura das XXVIII Jornadas Cl\u00ednicas da EBP-Rio e do ICP RJ<\/span><\/p>\n<p>&nbsp;<\/p>\n<p>&nbsp;<\/p>\n<p><span style=\"font-family: 'Book Antiqua', Palatino;\"><span style=\"font-family: american-type; font-size: 36pt;\">O<\/span> estrangeiro n\u00e3o \u00e9 o outro, vai al\u00e9m de um idioma distinto\u2026 para a psican\u00e1lise tem a ver com o estranho em cada um, como nos ensinou Freud e, ao mesmo tempo, o que nos torna \u00fanicos, engendra a singularidade que cada um porta com as marcas que o significante produz no corpo. A marca do significante no corpo produz uma maneira de gozar no <em>parl\u00eatre<\/em>, sempre incompar\u00e1vel.\u00a0 Essa gram\u00e1tica pulsional \u00e9 estrangeira, desconhecida em princ\u00edpio, para o pr\u00f3prio sujeito e para o social. Uma an\u00e1lise \u00e9 a oportunidade de que esse estrangeiro possa habitar no mundo de maneira viva, com menos sofrimento, com menos segrega\u00e7\u00e3o. Com a pandemia, isolamos os corpos para viver, mas n\u00e3o o real que nele habita. Este sempre escapa. A psican\u00e1lise sobrevive ao v\u00edrus, se reinventa, se abre verdadeiramente ao \u201cmundo virtual\u201d, e recolhe novos efeitos na pr\u00e1tica dos analistas que ir\u00e3o testemunhar nas pr\u00f3ximas Jornadas da EBP-Rio.<\/span><\/p>\n<p><span style=\"font-family: 'Book Antiqua', Palatino;\">Fabi\u00e1n nos relembra que o v\u00edrus afeta a todos, sem distinguir ra\u00e7a, classe social, identidade, g\u00eanero ou nacionalidade. Sobretudo aos sujeitos que possuem a marca do real do tempo no corpo. Entretanto, a maneira como cada um conta sobre o v\u00edrus e como foi afetado pela pandemia n\u00e3o \u00e9 a mesma. A psican\u00e1lise aposta que algo pode ser dito a partir dessa trag\u00e9dia que vivemos, advertidos de que h\u00e1 um imposs\u00edvel de dizer.\u00a0 O v\u00edrus nos leva a fechar as portas de nossas casas, mas as portas do consult\u00f3rio continuam abertas, seja ele onde for.\u00a0<\/span><\/p>\n<p><span style=\"font-family: 'Book Antiqua', Palatino;\">\u201cEn efecto, se ver\u00e1 c\u00f3mo este acontecimiento de cuerpo en lo social \u2013 donde la pandemia nos recuerda hasta en cada instante que tenemos uno \u2013 qu\u00e9 consecuencias traer\u00e1\u201d <span style=\"font-size: 12pt;\">[2].<\/span> Veremos, ainda sem muita precis\u00e3o, mas n\u00e3o sem o Outro, como sairemos da irrup\u00e7\u00e3o de corpo real que nos proporcionou a pandemia. Seguimos com a abertura necess\u00e1ria para estar \u00e0 altura da \u00e9poca.<\/span><\/p>\n<p>&nbsp;<\/p>\n<p>___________<\/p>\n<p><span style=\"font-size: 10pt;\"><span style=\"font-family: 'Book Antiqua', Palatino; font-size: 12pt;\">[1].<\/span> Fabi\u00e1n Naparstek, na noite de lan\u00e7amento das XXVIII Jornadas Cl\u00ednicas da EBP-Rio e do ICP RJ. Acesso em &lt;<strong><span style=\"font-family: 'Book Antiqua', Palatino;\"><a href=\"https:\/\/jornadasebprioicprj.com.br\/2021\/o-corpo-estrangeiro\">https:\/\/jornadasebprioicprj.com.br\/2021\/o-corpo-estrangeiro<\/a><\/span><\/strong>\/&gt;<\/span><\/p>\n<p><span style=\"font-size: 10pt;\"><span style=\"font-family: 'Book Antiqua', Palatino;\"><span style=\"font-size: 12pt;\">[2].<\/span> Idem.<\/span><\/span><\/p>\n","protected":false},"excerpt":{"rendered":"<p>Ana Beatriz Zimmermann Integrante da Comiss\u00e3o de Infra-estrutura das XXVIII Jornadas Cl\u00ednicas da EBP-Rio e do ICP RJ &nbsp; &nbsp; O estrangeiro n\u00e3o \u00e9 o outro, vai al\u00e9m de um idioma distinto\u2026 para a psican\u00e1lise tem a ver com o estranho em cada um, como nos ensinou Freud e, ao mesmo tempo, o que nos [&hellip;]<\/p>\n","protected":false},"author":1,"featured_media":0,"comment_status":"closed","ping_status":"open","sticky":false,"template":"","format":"standard","meta":{"footnotes":""},"categories":[26],"tags":[],"class_list":["post-303","post","type-post","status-publish","format-standard","hentry","category-boletim-gps"],"yoast_head":"<!-- This site is optimized with the Yoast SEO plugin v27.5 - https:\/\/yoast.com\/product\/yoast-seo-wordpress\/ -->\n<title>\u201c\u00c9 o corpo que se tornou estrangeiro!\u201d [1] - Jornadas EBP RIO e ICPRJ<\/title>\n<meta name=\"robots\" content=\"index, follow, max-snippet:-1, max-image-preview:large, max-video-preview:-1\" \/>\n<link rel=\"canonical\" href=\"https:\/\/jornadasebprioicprj.com.br\/2021\/e-o-corpo-que-se-tornou-estrangeiro-fabian-naspartek\/\" \/>\n<meta property=\"og:locale\" content=\"pt_BR\" \/>\n<meta property=\"og:type\" content=\"article\" \/>\n<meta property=\"og:title\" content=\"\u201c\u00c9 o corpo que se tornou estrangeiro!\u201d [1] - Jornadas EBP RIO e ICPRJ\" \/>\n<meta property=\"og:description\" content=\"Ana Beatriz Zimmermann Integrante da Comiss\u00e3o de Infra-estrutura das XXVIII Jornadas Cl\u00ednicas da EBP-Rio e do ICP RJ &nbsp; &nbsp; O estrangeiro n\u00e3o \u00e9 o outro, vai al\u00e9m de um idioma distinto\u2026 para a psican\u00e1lise tem a ver com o estranho em cada um, como nos ensinou Freud e, ao mesmo tempo, o que nos [&hellip;]\" \/>\n<meta property=\"og:url\" content=\"https:\/\/jornadasebprioicprj.com.br\/2021\/e-o-corpo-que-se-tornou-estrangeiro-fabian-naspartek\/\" \/>\n<meta property=\"og:site_name\" content=\"Jornadas EBP RIO e ICPRJ\" \/>\n<meta property=\"article:published_time\" content=\"2021-08-11T14:31:32+00:00\" \/>\n<meta property=\"article:modified_time\" content=\"2021-08-13T23:56:55+00:00\" \/>\n<meta name=\"author\" content=\"jornadas\" \/>\n<meta name=\"twitter:card\" content=\"summary_large_image\" \/>\n<meta name=\"twitter:label1\" content=\"Escrito por\" \/>\n\t<meta name=\"twitter:data1\" content=\"jornadas\" \/>\n\t<meta name=\"twitter:label2\" content=\"Est. tempo de leitura\" \/>\n\t<meta name=\"twitter:data2\" content=\"2 minutos\" \/>\n<script type=\"application\/ld+json\" class=\"yoast-schema-graph\">{\"@context\":\"https:\\\/\\\/schema.org\",\"@graph\":[{\"@type\":\"Article\",\"@id\":\"https:\\\/\\\/jornadasebprioicprj.com.br\\\/2021\\\/e-o-corpo-que-se-tornou-estrangeiro-fabian-naspartek\\\/#article\",\"isPartOf\":{\"@id\":\"https:\\\/\\\/jornadasebprioicprj.com.br\\\/2021\\\/e-o-corpo-que-se-tornou-estrangeiro-fabian-naspartek\\\/\"},\"author\":{\"name\":\"jornadas\",\"@id\":\"https:\\\/\\\/jornadasebprioicprj.com.br\\\/2021\\\/#\\\/schema\\\/person\\\/a877eeb013edee082dbca99cad8bfc67\"},\"headline\":\"\u201c\u00c9 o corpo que se tornou estrangeiro!\u201d [1]\",\"datePublished\":\"2021-08-11T14:31:32+00:00\",\"dateModified\":\"2021-08-13T23:56:55+00:00\",\"mainEntityOfPage\":{\"@id\":\"https:\\\/\\\/jornadasebprioicprj.com.br\\\/2021\\\/e-o-corpo-que-se-tornou-estrangeiro-fabian-naspartek\\\/\"},\"wordCount\":393,\"articleSection\":[\"Boletim GPS\"],\"inLanguage\":\"pt-BR\"},{\"@type\":\"WebPage\",\"@id\":\"https:\\\/\\\/jornadasebprioicprj.com.br\\\/2021\\\/e-o-corpo-que-se-tornou-estrangeiro-fabian-naspartek\\\/\",\"url\":\"https:\\\/\\\/jornadasebprioicprj.com.br\\\/2021\\\/e-o-corpo-que-se-tornou-estrangeiro-fabian-naspartek\\\/\",\"name\":\"\u201c\u00c9 o corpo que se tornou estrangeiro!\u201d [1] - Jornadas EBP RIO e ICPRJ\",\"isPartOf\":{\"@id\":\"https:\\\/\\\/jornadasebprioicprj.com.br\\\/2021\\\/#website\"},\"datePublished\":\"2021-08-11T14:31:32+00:00\",\"dateModified\":\"2021-08-13T23:56:55+00:00\",\"author\":{\"@id\":\"https:\\\/\\\/jornadasebprioicprj.com.br\\\/2021\\\/#\\\/schema\\\/person\\\/a877eeb013edee082dbca99cad8bfc67\"},\"breadcrumb\":{\"@id\":\"https:\\\/\\\/jornadasebprioicprj.com.br\\\/2021\\\/e-o-corpo-que-se-tornou-estrangeiro-fabian-naspartek\\\/#breadcrumb\"},\"inLanguage\":\"pt-BR\",\"potentialAction\":[{\"@type\":\"ReadAction\",\"target\":[\"https:\\\/\\\/jornadasebprioicprj.com.br\\\/2021\\\/e-o-corpo-que-se-tornou-estrangeiro-fabian-naspartek\\\/\"]}]},{\"@type\":\"BreadcrumbList\",\"@id\":\"https:\\\/\\\/jornadasebprioicprj.com.br\\\/2021\\\/e-o-corpo-que-se-tornou-estrangeiro-fabian-naspartek\\\/#breadcrumb\",\"itemListElement\":[{\"@type\":\"ListItem\",\"position\":1,\"name\":\"In\u00edcio\",\"item\":\"https:\\\/\\\/jornadasebprioicprj.com.br\\\/2021\\\/\"},{\"@type\":\"ListItem\",\"position\":2,\"name\":\"\u201c\u00c9 o corpo que se tornou estrangeiro!\u201d [1]\"}]},{\"@type\":\"WebSite\",\"@id\":\"https:\\\/\\\/jornadasebprioicprj.com.br\\\/2021\\\/#website\",\"url\":\"https:\\\/\\\/jornadasebprioicprj.com.br\\\/2021\\\/\",\"name\":\"Jornadas EBP RIO e ICPRJ\",\"description\":\"Escola Brasileira de Psican\u00e1lise\",\"potentialAction\":[{\"@type\":\"SearchAction\",\"target\":{\"@type\":\"EntryPoint\",\"urlTemplate\":\"https:\\\/\\\/jornadasebprioicprj.com.br\\\/2021\\\/?s={search_term_string}\"},\"query-input\":{\"@type\":\"PropertyValueSpecification\",\"valueRequired\":true,\"valueName\":\"search_term_string\"}}],\"inLanguage\":\"pt-BR\"},{\"@type\":\"Person\",\"@id\":\"https:\\\/\\\/jornadasebprioicprj.com.br\\\/2021\\\/#\\\/schema\\\/person\\\/a877eeb013edee082dbca99cad8bfc67\",\"name\":\"jornadas\",\"image\":{\"@type\":\"ImageObject\",\"inLanguage\":\"pt-BR\",\"@id\":\"https:\\\/\\\/secure.gravatar.com\\\/avatar\\\/d60d0f34e016dd50f9c3df6f5f4269aafa63cefe878ea546810736b04c310191?s=96&d=mm&r=g\",\"url\":\"https:\\\/\\\/secure.gravatar.com\\\/avatar\\\/d60d0f34e016dd50f9c3df6f5f4269aafa63cefe878ea546810736b04c310191?s=96&d=mm&r=g\",\"contentUrl\":\"https:\\\/\\\/secure.gravatar.com\\\/avatar\\\/d60d0f34e016dd50f9c3df6f5f4269aafa63cefe878ea546810736b04c310191?s=96&d=mm&r=g\",\"caption\":\"jornadas\"},\"sameAs\":[\"http:\\\/\\\/jornadasebprioicprj.com.br\\\/2021\"],\"url\":\"https:\\\/\\\/jornadasebprioicprj.com.br\\\/2021\\\/author\\\/jornadas\\\/\"}]}<\/script>\n<!-- \/ Yoast SEO plugin. -->","yoast_head_json":{"title":"\u201c\u00c9 o corpo que se tornou estrangeiro!\u201d [1] - Jornadas EBP RIO e ICPRJ","robots":{"index":"index","follow":"follow","max-snippet":"max-snippet:-1","max-image-preview":"max-image-preview:large","max-video-preview":"max-video-preview:-1"},"canonical":"https:\/\/jornadasebprioicprj.com.br\/2021\/e-o-corpo-que-se-tornou-estrangeiro-fabian-naspartek\/","og_locale":"pt_BR","og_type":"article","og_title":"\u201c\u00c9 o corpo que se tornou estrangeiro!\u201d [1] - Jornadas EBP RIO e ICPRJ","og_description":"Ana Beatriz Zimmermann Integrante da Comiss\u00e3o de Infra-estrutura das XXVIII Jornadas Cl\u00ednicas da EBP-Rio e do ICP RJ &nbsp; &nbsp; O estrangeiro n\u00e3o \u00e9 o outro, vai al\u00e9m de um idioma distinto\u2026 para a psican\u00e1lise tem a ver com o estranho em cada um, como nos ensinou Freud e, ao mesmo tempo, o que nos [&hellip;]","og_url":"https:\/\/jornadasebprioicprj.com.br\/2021\/e-o-corpo-que-se-tornou-estrangeiro-fabian-naspartek\/","og_site_name":"Jornadas EBP RIO e ICPRJ","article_published_time":"2021-08-11T14:31:32+00:00","article_modified_time":"2021-08-13T23:56:55+00:00","author":"jornadas","twitter_card":"summary_large_image","twitter_misc":{"Escrito por":"jornadas","Est. tempo de leitura":"2 minutos"},"schema":{"@context":"https:\/\/schema.org","@graph":[{"@type":"Article","@id":"https:\/\/jornadasebprioicprj.com.br\/2021\/e-o-corpo-que-se-tornou-estrangeiro-fabian-naspartek\/#article","isPartOf":{"@id":"https:\/\/jornadasebprioicprj.com.br\/2021\/e-o-corpo-que-se-tornou-estrangeiro-fabian-naspartek\/"},"author":{"name":"jornadas","@id":"https:\/\/jornadasebprioicprj.com.br\/2021\/#\/schema\/person\/a877eeb013edee082dbca99cad8bfc67"},"headline":"\u201c\u00c9 o corpo que se tornou estrangeiro!\u201d [1]","datePublished":"2021-08-11T14:31:32+00:00","dateModified":"2021-08-13T23:56:55+00:00","mainEntityOfPage":{"@id":"https:\/\/jornadasebprioicprj.com.br\/2021\/e-o-corpo-que-se-tornou-estrangeiro-fabian-naspartek\/"},"wordCount":393,"articleSection":["Boletim GPS"],"inLanguage":"pt-BR"},{"@type":"WebPage","@id":"https:\/\/jornadasebprioicprj.com.br\/2021\/e-o-corpo-que-se-tornou-estrangeiro-fabian-naspartek\/","url":"https:\/\/jornadasebprioicprj.com.br\/2021\/e-o-corpo-que-se-tornou-estrangeiro-fabian-naspartek\/","name":"\u201c\u00c9 o corpo que se tornou estrangeiro!\u201d [1] - Jornadas EBP RIO e ICPRJ","isPartOf":{"@id":"https:\/\/jornadasebprioicprj.com.br\/2021\/#website"},"datePublished":"2021-08-11T14:31:32+00:00","dateModified":"2021-08-13T23:56:55+00:00","author":{"@id":"https:\/\/jornadasebprioicprj.com.br\/2021\/#\/schema\/person\/a877eeb013edee082dbca99cad8bfc67"},"breadcrumb":{"@id":"https:\/\/jornadasebprioicprj.com.br\/2021\/e-o-corpo-que-se-tornou-estrangeiro-fabian-naspartek\/#breadcrumb"},"inLanguage":"pt-BR","potentialAction":[{"@type":"ReadAction","target":["https:\/\/jornadasebprioicprj.com.br\/2021\/e-o-corpo-que-se-tornou-estrangeiro-fabian-naspartek\/"]}]},{"@type":"BreadcrumbList","@id":"https:\/\/jornadasebprioicprj.com.br\/2021\/e-o-corpo-que-se-tornou-estrangeiro-fabian-naspartek\/#breadcrumb","itemListElement":[{"@type":"ListItem","position":1,"name":"In\u00edcio","item":"https:\/\/jornadasebprioicprj.com.br\/2021\/"},{"@type":"ListItem","position":2,"name":"\u201c\u00c9 o corpo que se tornou estrangeiro!\u201d [1]"}]},{"@type":"WebSite","@id":"https:\/\/jornadasebprioicprj.com.br\/2021\/#website","url":"https:\/\/jornadasebprioicprj.com.br\/2021\/","name":"Jornadas EBP RIO e ICPRJ","description":"Escola Brasileira de Psican\u00e1lise","potentialAction":[{"@type":"SearchAction","target":{"@type":"EntryPoint","urlTemplate":"https:\/\/jornadasebprioicprj.com.br\/2021\/?s={search_term_string}"},"query-input":{"@type":"PropertyValueSpecification","valueRequired":true,"valueName":"search_term_string"}}],"inLanguage":"pt-BR"},{"@type":"Person","@id":"https:\/\/jornadasebprioicprj.com.br\/2021\/#\/schema\/person\/a877eeb013edee082dbca99cad8bfc67","name":"jornadas","image":{"@type":"ImageObject","inLanguage":"pt-BR","@id":"https:\/\/secure.gravatar.com\/avatar\/d60d0f34e016dd50f9c3df6f5f4269aafa63cefe878ea546810736b04c310191?s=96&d=mm&r=g","url":"https:\/\/secure.gravatar.com\/avatar\/d60d0f34e016dd50f9c3df6f5f4269aafa63cefe878ea546810736b04c310191?s=96&d=mm&r=g","contentUrl":"https:\/\/secure.gravatar.com\/avatar\/d60d0f34e016dd50f9c3df6f5f4269aafa63cefe878ea546810736b04c310191?s=96&d=mm&r=g","caption":"jornadas"},"sameAs":["http:\/\/jornadasebprioicprj.com.br\/2021"],"url":"https:\/\/jornadasebprioicprj.com.br\/2021\/author\/jornadas\/"}]}},"_links":{"self":[{"href":"https:\/\/jornadasebprioicprj.com.br\/2021\/wp-json\/wp\/v2\/posts\/303","targetHints":{"allow":["GET"]}}],"collection":[{"href":"https:\/\/jornadasebprioicprj.com.br\/2021\/wp-json\/wp\/v2\/posts"}],"about":[{"href":"https:\/\/jornadasebprioicprj.com.br\/2021\/wp-json\/wp\/v2\/types\/post"}],"author":[{"embeddable":true,"href":"https:\/\/jornadasebprioicprj.com.br\/2021\/wp-json\/wp\/v2\/users\/1"}],"replies":[{"embeddable":true,"href":"https:\/\/jornadasebprioicprj.com.br\/2021\/wp-json\/wp\/v2\/comments?post=303"}],"version-history":[{"count":8,"href":"https:\/\/jornadasebprioicprj.com.br\/2021\/wp-json\/wp\/v2\/posts\/303\/revisions"}],"predecessor-version":[{"id":559,"href":"https:\/\/jornadasebprioicprj.com.br\/2021\/wp-json\/wp\/v2\/posts\/303\/revisions\/559"}],"wp:attachment":[{"href":"https:\/\/jornadasebprioicprj.com.br\/2021\/wp-json\/wp\/v2\/media?parent=303"}],"wp:term":[{"taxonomy":"category","embeddable":true,"href":"https:\/\/jornadasebprioicprj.com.br\/2021\/wp-json\/wp\/v2\/categories?post=303"},{"taxonomy":"post_tag","embeddable":true,"href":"https:\/\/jornadasebprioicprj.com.br\/2021\/wp-json\/wp\/v2\/tags?post=303"}],"curies":[{"name":"wp","href":"https:\/\/api.w.org\/{rel}","templated":true}]}}