{"id":301,"date":"2021-08-11T11:30:53","date_gmt":"2021-08-11T14:30:53","guid":{"rendered":"https:\/\/jornadasebprioicprj.com.br\/2021\/?p=301"},"modified":"2021-08-13T13:58:40","modified_gmt":"2021-08-13T16:58:40","slug":"essa-metamorfose-ambulante","status":"publish","type":"post","link":"https:\/\/jornadasebprioicprj.com.br\/2021\/essa-metamorfose-ambulante\/","title":{"rendered":"Essa metamorfose ambulante"},"content":{"rendered":"<p><em>Jo\u00e3o Luiz Nogueira<\/em><br \/>\n<span style=\"font-family: 'Book Antiqua', Palatino;\"><span style=\"font-size: 10pt;\">Aluno do Curso fundamental do ICP RJ, turma de 2021<\/span><\/span><\/p>\n<p>&nbsp;<\/p>\n<p>&nbsp;<\/p>\n<p><span style=\"font-family: american-type; font-size: 36pt;\">F<\/span>abi\u00e1n Naparstek, convidado para o lan\u00e7amento da XXVIII Jornadas Cl\u00ednicas EBP Rio e ICP-RJ, Nomes da Vida &#8211; marcas da pandemia, nos fala sobre uma psican\u00e1lise na pandemia e na p\u00f3s-pandemia. Para isso, ele se orienta pelos 3 eixos de estrutura\u00e7\u00e3o dessa jornada.<\/p>\n<p>O primeiro eixo, sobre a forma\u00e7\u00e3o do analista, coloca em quest\u00e3o os novos desafios: na transmiss\u00e3o da psican\u00e1lise na Escola; nos atendimentos presenciais e n\u00e3o presenciais, com a aus\u00eancia de corpos em novos arranjos; e pelo uso dos meios virtuais na produ\u00e7\u00e3o e incorpora\u00e7\u00e3o de novos modos de savoir-y-faire.<\/p>\n<p>No segundo eixo, destaca como esses meios virtuais franqueiam a possibilidade de um real, mesmo nas aus\u00eancias dos corpos e por vezes na presen\u00e7a de um corpo estrangeiro que est\u00e1 submetido a uma extimidade aguda em busca de fazer la\u00e7os, atrav\u00e9s de gadgets que \u201cpresentifiquem\u201d o Outro.<\/p>\n<p>E finalmente no terceiro eixo, nos fala da possibilidade de fazer arte e artif\u00edcios, para poder operar com o decl\u00ednio do Nome-do-Pai e da soberania do objeto causa de desejo. Assim, Fabi\u00e1n destaca a permuta\u00e7\u00e3o de uma b\u00fassola, que n\u00e3o orienta mais na dire\u00e7\u00e3o ao Nome-do-Pai, mas por um GPS que localiza um ser falante em refer\u00eancia a uma busca, lan\u00e7ando-o num destino de m\u00faltiplas possibilidades, novas formas de gozar, novos nomes da vida; marcas produzidas pela pandemia.<\/p>\n<p>&nbsp;<\/p>\n<p>&nbsp;<\/p>\n","protected":false},"excerpt":{"rendered":"<p>Jo\u00e3o Luiz Nogueira Aluno do Curso fundamental do ICP RJ, turma de 2021 &nbsp; &nbsp; Fabi\u00e1n Naparstek, convidado para o lan\u00e7amento da XXVIII Jornadas Cl\u00ednicas EBP Rio e ICP-RJ, Nomes da Vida &#8211; marcas da pandemia, nos fala sobre uma psican\u00e1lise na pandemia e na p\u00f3s-pandemia. Para isso, ele se orienta pelos 3 eixos de [&hellip;]<\/p>\n","protected":false},"author":1,"featured_media":0,"comment_status":"closed","ping_status":"open","sticky":false,"template":"","format":"standard","meta":{"footnotes":""},"categories":[26],"tags":[],"class_list":["post-301","post","type-post","status-publish","format-standard","hentry","category-boletim-gps"],"yoast_head":"<!-- This site is optimized with the Yoast SEO plugin v27.5 - https:\/\/yoast.com\/product\/yoast-seo-wordpress\/ -->\n<title>Essa metamorfose ambulante - Jornadas EBP RIO e ICPRJ<\/title>\n<meta name=\"robots\" content=\"index, follow, max-snippet:-1, max-image-preview:large, max-video-preview:-1\" \/>\n<link rel=\"canonical\" href=\"https:\/\/jornadasebprioicprj.com.br\/2021\/essa-metamorfose-ambulante\/\" \/>\n<meta property=\"og:locale\" content=\"pt_BR\" \/>\n<meta property=\"og:type\" content=\"article\" \/>\n<meta property=\"og:title\" content=\"Essa metamorfose ambulante - Jornadas EBP RIO e ICPRJ\" \/>\n<meta property=\"og:description\" content=\"Jo\u00e3o Luiz Nogueira Aluno do Curso fundamental do ICP RJ, turma de 2021 &nbsp; &nbsp; Fabi\u00e1n Naparstek, convidado para o lan\u00e7amento da XXVIII Jornadas Cl\u00ednicas EBP Rio e ICP-RJ, Nomes da Vida &#8211; marcas da pandemia, nos fala sobre uma psican\u00e1lise na pandemia e na p\u00f3s-pandemia. Para isso, ele se orienta pelos 3 eixos de [&hellip;]\" \/>\n<meta property=\"og:url\" content=\"https:\/\/jornadasebprioicprj.com.br\/2021\/essa-metamorfose-ambulante\/\" \/>\n<meta property=\"og:site_name\" content=\"Jornadas EBP RIO e ICPRJ\" \/>\n<meta property=\"article:published_time\" content=\"2021-08-11T14:30:53+00:00\" \/>\n<meta property=\"article:modified_time\" content=\"2021-08-13T16:58:40+00:00\" \/>\n<meta name=\"author\" content=\"jornadas\" \/>\n<meta name=\"twitter:card\" content=\"summary_large_image\" \/>\n<meta name=\"twitter:label1\" content=\"Escrito por\" \/>\n\t<meta name=\"twitter:data1\" content=\"jornadas\" \/>\n\t<meta name=\"twitter:label2\" content=\"Est. tempo de leitura\" \/>\n\t<meta name=\"twitter:data2\" content=\"1 minuto\" \/>\n<script type=\"application\/ld+json\" class=\"yoast-schema-graph\">{\"@context\":\"https:\\\/\\\/schema.org\",\"@graph\":[{\"@type\":\"Article\",\"@id\":\"https:\\\/\\\/jornadasebprioicprj.com.br\\\/2021\\\/essa-metamorfose-ambulante\\\/#article\",\"isPartOf\":{\"@id\":\"https:\\\/\\\/jornadasebprioicprj.com.br\\\/2021\\\/essa-metamorfose-ambulante\\\/\"},\"author\":{\"name\":\"jornadas\",\"@id\":\"https:\\\/\\\/jornadasebprioicprj.com.br\\\/2021\\\/#\\\/schema\\\/person\\\/a877eeb013edee082dbca99cad8bfc67\"},\"headline\":\"Essa metamorfose ambulante\",\"datePublished\":\"2021-08-11T14:30:53+00:00\",\"dateModified\":\"2021-08-13T16:58:40+00:00\",\"mainEntityOfPage\":{\"@id\":\"https:\\\/\\\/jornadasebprioicprj.com.br\\\/2021\\\/essa-metamorfose-ambulante\\\/\"},\"wordCount\":264,\"articleSection\":[\"Boletim GPS\"],\"inLanguage\":\"pt-BR\"},{\"@type\":\"WebPage\",\"@id\":\"https:\\\/\\\/jornadasebprioicprj.com.br\\\/2021\\\/essa-metamorfose-ambulante\\\/\",\"url\":\"https:\\\/\\\/jornadasebprioicprj.com.br\\\/2021\\\/essa-metamorfose-ambulante\\\/\",\"name\":\"Essa metamorfose ambulante - Jornadas EBP RIO e ICPRJ\",\"isPartOf\":{\"@id\":\"https:\\\/\\\/jornadasebprioicprj.com.br\\\/2021\\\/#website\"},\"datePublished\":\"2021-08-11T14:30:53+00:00\",\"dateModified\":\"2021-08-13T16:58:40+00:00\",\"author\":{\"@id\":\"https:\\\/\\\/jornadasebprioicprj.com.br\\\/2021\\\/#\\\/schema\\\/person\\\/a877eeb013edee082dbca99cad8bfc67\"},\"breadcrumb\":{\"@id\":\"https:\\\/\\\/jornadasebprioicprj.com.br\\\/2021\\\/essa-metamorfose-ambulante\\\/#breadcrumb\"},\"inLanguage\":\"pt-BR\",\"potentialAction\":[{\"@type\":\"ReadAction\",\"target\":[\"https:\\\/\\\/jornadasebprioicprj.com.br\\\/2021\\\/essa-metamorfose-ambulante\\\/\"]}]},{\"@type\":\"BreadcrumbList\",\"@id\":\"https:\\\/\\\/jornadasebprioicprj.com.br\\\/2021\\\/essa-metamorfose-ambulante\\\/#breadcrumb\",\"itemListElement\":[{\"@type\":\"ListItem\",\"position\":1,\"name\":\"In\u00edcio\",\"item\":\"https:\\\/\\\/jornadasebprioicprj.com.br\\\/2021\\\/\"},{\"@type\":\"ListItem\",\"position\":2,\"name\":\"Essa metamorfose ambulante\"}]},{\"@type\":\"WebSite\",\"@id\":\"https:\\\/\\\/jornadasebprioicprj.com.br\\\/2021\\\/#website\",\"url\":\"https:\\\/\\\/jornadasebprioicprj.com.br\\\/2021\\\/\",\"name\":\"Jornadas EBP RIO e ICPRJ\",\"description\":\"Escola Brasileira de Psican\u00e1lise\",\"potentialAction\":[{\"@type\":\"SearchAction\",\"target\":{\"@type\":\"EntryPoint\",\"urlTemplate\":\"https:\\\/\\\/jornadasebprioicprj.com.br\\\/2021\\\/?s={search_term_string}\"},\"query-input\":{\"@type\":\"PropertyValueSpecification\",\"valueRequired\":true,\"valueName\":\"search_term_string\"}}],\"inLanguage\":\"pt-BR\"},{\"@type\":\"Person\",\"@id\":\"https:\\\/\\\/jornadasebprioicprj.com.br\\\/2021\\\/#\\\/schema\\\/person\\\/a877eeb013edee082dbca99cad8bfc67\",\"name\":\"jornadas\",\"image\":{\"@type\":\"ImageObject\",\"inLanguage\":\"pt-BR\",\"@id\":\"https:\\\/\\\/secure.gravatar.com\\\/avatar\\\/d60d0f34e016dd50f9c3df6f5f4269aafa63cefe878ea546810736b04c310191?s=96&d=mm&r=g\",\"url\":\"https:\\\/\\\/secure.gravatar.com\\\/avatar\\\/d60d0f34e016dd50f9c3df6f5f4269aafa63cefe878ea546810736b04c310191?s=96&d=mm&r=g\",\"contentUrl\":\"https:\\\/\\\/secure.gravatar.com\\\/avatar\\\/d60d0f34e016dd50f9c3df6f5f4269aafa63cefe878ea546810736b04c310191?s=96&d=mm&r=g\",\"caption\":\"jornadas\"},\"sameAs\":[\"http:\\\/\\\/jornadasebprioicprj.com.br\\\/2021\"],\"url\":\"https:\\\/\\\/jornadasebprioicprj.com.br\\\/2021\\\/author\\\/jornadas\\\/\"}]}<\/script>\n<!-- \/ Yoast SEO plugin. -->","yoast_head_json":{"title":"Essa metamorfose ambulante - Jornadas EBP RIO e ICPRJ","robots":{"index":"index","follow":"follow","max-snippet":"max-snippet:-1","max-image-preview":"max-image-preview:large","max-video-preview":"max-video-preview:-1"},"canonical":"https:\/\/jornadasebprioicprj.com.br\/2021\/essa-metamorfose-ambulante\/","og_locale":"pt_BR","og_type":"article","og_title":"Essa metamorfose ambulante - Jornadas EBP RIO e ICPRJ","og_description":"Jo\u00e3o Luiz Nogueira Aluno do Curso fundamental do ICP RJ, turma de 2021 &nbsp; &nbsp; Fabi\u00e1n Naparstek, convidado para o lan\u00e7amento da XXVIII Jornadas Cl\u00ednicas EBP Rio e ICP-RJ, Nomes da Vida &#8211; marcas da pandemia, nos fala sobre uma psican\u00e1lise na pandemia e na p\u00f3s-pandemia. Para isso, ele se orienta pelos 3 eixos de [&hellip;]","og_url":"https:\/\/jornadasebprioicprj.com.br\/2021\/essa-metamorfose-ambulante\/","og_site_name":"Jornadas EBP RIO e ICPRJ","article_published_time":"2021-08-11T14:30:53+00:00","article_modified_time":"2021-08-13T16:58:40+00:00","author":"jornadas","twitter_card":"summary_large_image","twitter_misc":{"Escrito por":"jornadas","Est. tempo de leitura":"1 minuto"},"schema":{"@context":"https:\/\/schema.org","@graph":[{"@type":"Article","@id":"https:\/\/jornadasebprioicprj.com.br\/2021\/essa-metamorfose-ambulante\/#article","isPartOf":{"@id":"https:\/\/jornadasebprioicprj.com.br\/2021\/essa-metamorfose-ambulante\/"},"author":{"name":"jornadas","@id":"https:\/\/jornadasebprioicprj.com.br\/2021\/#\/schema\/person\/a877eeb013edee082dbca99cad8bfc67"},"headline":"Essa metamorfose ambulante","datePublished":"2021-08-11T14:30:53+00:00","dateModified":"2021-08-13T16:58:40+00:00","mainEntityOfPage":{"@id":"https:\/\/jornadasebprioicprj.com.br\/2021\/essa-metamorfose-ambulante\/"},"wordCount":264,"articleSection":["Boletim GPS"],"inLanguage":"pt-BR"},{"@type":"WebPage","@id":"https:\/\/jornadasebprioicprj.com.br\/2021\/essa-metamorfose-ambulante\/","url":"https:\/\/jornadasebprioicprj.com.br\/2021\/essa-metamorfose-ambulante\/","name":"Essa metamorfose ambulante - Jornadas EBP RIO e ICPRJ","isPartOf":{"@id":"https:\/\/jornadasebprioicprj.com.br\/2021\/#website"},"datePublished":"2021-08-11T14:30:53+00:00","dateModified":"2021-08-13T16:58:40+00:00","author":{"@id":"https:\/\/jornadasebprioicprj.com.br\/2021\/#\/schema\/person\/a877eeb013edee082dbca99cad8bfc67"},"breadcrumb":{"@id":"https:\/\/jornadasebprioicprj.com.br\/2021\/essa-metamorfose-ambulante\/#breadcrumb"},"inLanguage":"pt-BR","potentialAction":[{"@type":"ReadAction","target":["https:\/\/jornadasebprioicprj.com.br\/2021\/essa-metamorfose-ambulante\/"]}]},{"@type":"BreadcrumbList","@id":"https:\/\/jornadasebprioicprj.com.br\/2021\/essa-metamorfose-ambulante\/#breadcrumb","itemListElement":[{"@type":"ListItem","position":1,"name":"In\u00edcio","item":"https:\/\/jornadasebprioicprj.com.br\/2021\/"},{"@type":"ListItem","position":2,"name":"Essa metamorfose ambulante"}]},{"@type":"WebSite","@id":"https:\/\/jornadasebprioicprj.com.br\/2021\/#website","url":"https:\/\/jornadasebprioicprj.com.br\/2021\/","name":"Jornadas EBP RIO e ICPRJ","description":"Escola Brasileira de Psican\u00e1lise","potentialAction":[{"@type":"SearchAction","target":{"@type":"EntryPoint","urlTemplate":"https:\/\/jornadasebprioicprj.com.br\/2021\/?s={search_term_string}"},"query-input":{"@type":"PropertyValueSpecification","valueRequired":true,"valueName":"search_term_string"}}],"inLanguage":"pt-BR"},{"@type":"Person","@id":"https:\/\/jornadasebprioicprj.com.br\/2021\/#\/schema\/person\/a877eeb013edee082dbca99cad8bfc67","name":"jornadas","image":{"@type":"ImageObject","inLanguage":"pt-BR","@id":"https:\/\/secure.gravatar.com\/avatar\/d60d0f34e016dd50f9c3df6f5f4269aafa63cefe878ea546810736b04c310191?s=96&d=mm&r=g","url":"https:\/\/secure.gravatar.com\/avatar\/d60d0f34e016dd50f9c3df6f5f4269aafa63cefe878ea546810736b04c310191?s=96&d=mm&r=g","contentUrl":"https:\/\/secure.gravatar.com\/avatar\/d60d0f34e016dd50f9c3df6f5f4269aafa63cefe878ea546810736b04c310191?s=96&d=mm&r=g","caption":"jornadas"},"sameAs":["http:\/\/jornadasebprioicprj.com.br\/2021"],"url":"https:\/\/jornadasebprioicprj.com.br\/2021\/author\/jornadas\/"}]}},"_links":{"self":[{"href":"https:\/\/jornadasebprioicprj.com.br\/2021\/wp-json\/wp\/v2\/posts\/301","targetHints":{"allow":["GET"]}}],"collection":[{"href":"https:\/\/jornadasebprioicprj.com.br\/2021\/wp-json\/wp\/v2\/posts"}],"about":[{"href":"https:\/\/jornadasebprioicprj.com.br\/2021\/wp-json\/wp\/v2\/types\/post"}],"author":[{"embeddable":true,"href":"https:\/\/jornadasebprioicprj.com.br\/2021\/wp-json\/wp\/v2\/users\/1"}],"replies":[{"embeddable":true,"href":"https:\/\/jornadasebprioicprj.com.br\/2021\/wp-json\/wp\/v2\/comments?post=301"}],"version-history":[{"count":4,"href":"https:\/\/jornadasebprioicprj.com.br\/2021\/wp-json\/wp\/v2\/posts\/301\/revisions"}],"predecessor-version":[{"id":539,"href":"https:\/\/jornadasebprioicprj.com.br\/2021\/wp-json\/wp\/v2\/posts\/301\/revisions\/539"}],"wp:attachment":[{"href":"https:\/\/jornadasebprioicprj.com.br\/2021\/wp-json\/wp\/v2\/media?parent=301"}],"wp:term":[{"taxonomy":"category","embeddable":true,"href":"https:\/\/jornadasebprioicprj.com.br\/2021\/wp-json\/wp\/v2\/categories?post=301"},{"taxonomy":"post_tag","embeddable":true,"href":"https:\/\/jornadasebprioicprj.com.br\/2021\/wp-json\/wp\/v2\/tags?post=301"}],"curies":[{"name":"wp","href":"https:\/\/api.w.org\/{rel}","templated":true}]}}