{"id":299,"date":"2021-08-11T11:30:24","date_gmt":"2021-08-11T14:30:24","guid":{"rendered":"https:\/\/jornadasebprioicprj.com.br\/2021\/?p=299"},"modified":"2021-08-13T14:02:40","modified_gmt":"2021-08-13T17:02:40","slug":"o-corpo-ainda-mais-estrangeiro","status":"publish","type":"post","link":"https:\/\/jornadasebprioicprj.com.br\/2021\/o-corpo-ainda-mais-estrangeiro\/","title":{"rendered":"O corpo ainda mais estrangeiro"},"content":{"rendered":"<p><em>Sabrina Machado<\/em><br \/>\n<span style=\"font-size: 10pt; font-family: 'Book Antiqua', Palatino;\">Aluna do Curso Fundamental do ICP RJ, turma de 2021<\/span><\/p>\n<p>&nbsp;<\/p>\n<p>&nbsp;<\/p>\n<p>&nbsp;<\/p>\n<p><span style=\"font-family: american-type; font-size: 36pt;\">N<\/span>aparstek destaca um maior estranhamento com rela\u00e7\u00e3o ao corpo, esse estranho que nos habita, durante a pandemia. Nesse momento, em suas palavras: <em>o grande Outro se faz cada vez mais virtual, mais pr\u00f3ximo do semblante, e o corpo se faz ainda mais estranho.<\/em><\/p>\n<p>A vida virtual nos permitiu driblar um pouco os efeitos do isolamento, e os celulares, computadores e as redes passaram, de forma ainda mais acentuada, a serem utilizados como uma extens\u00e3o do nosso corpo para a continuidade e produ\u00e7\u00e3o de la\u00e7os sociais. Segundo Naparstek, Lacan diz que a m\u00e1quina teria apenas o simb\u00f3lico e, a partir dessa premissa, constatamos que tais <em>gadgets<\/em> falhariam em reproduzir a experi\u00eancia de corpo, na sua natureza de imagem, de significante e de subst\u00e2ncia gozante.<\/p>\n<p>Com rela\u00e7\u00e3o \u00e0 imagem, por exemplo, nunca antes olhamos tanto para n\u00f3s mesmos enquanto interagimos com outros como nos tempos atuais de reuni\u00f5es virtuais. J\u00e1 recebi piada (meme) com a seguinte mensagem: <em>n\u00e3o se preocupe com a sua imagem no v\u00eddeo, todos est\u00e3o olhando para si mesmos<\/em>. Quais seriam outras diferen\u00e7as ou falhas na experi\u00eancia de corpo derivadas de certa primazia do virtual e quais os seus efeitos para os sujeitos e para o enla\u00e7amento social?<\/p>\n<p>Naparstek aponta esse maior estranhamento como um dos efeitos das novas experi\u00eancias de corpo, bem como o surgimento de novas formas de gozo diante da dificuldade de se gozar como se gozava antes da pandemia. Para alguns, os modos de gozo funcionavam e a pandemia foi frustrante. Para outros, ocorreu justamente o contr\u00e1rio. \u00c9 pouco prov\u00e1vel, portanto, que continuemos a gozar como antes.<\/p>\n<p>&nbsp;<\/p>\n<p>&nbsp;<\/p>\n<p>&nbsp;<\/p>\n","protected":false},"excerpt":{"rendered":"<p>Sabrina Machado Aluna do Curso Fundamental do ICP RJ, turma de 2021 &nbsp; &nbsp; &nbsp; Naparstek destaca um maior estranhamento com rela\u00e7\u00e3o ao corpo, esse estranho que nos habita, durante a pandemia. Nesse momento, em suas palavras: o grande Outro se faz cada vez mais virtual, mais pr\u00f3ximo do semblante, e o corpo se faz [&hellip;]<\/p>\n","protected":false},"author":1,"featured_media":0,"comment_status":"closed","ping_status":"open","sticky":false,"template":"","format":"standard","meta":{"footnotes":""},"categories":[26],"tags":[],"class_list":["post-299","post","type-post","status-publish","format-standard","hentry","category-boletim-gps"],"yoast_head":"<!-- This site is optimized with the Yoast SEO plugin v27.5 - https:\/\/yoast.com\/product\/yoast-seo-wordpress\/ -->\n<title>O corpo ainda mais estrangeiro - Jornadas EBP RIO e ICPRJ<\/title>\n<meta name=\"robots\" content=\"index, follow, max-snippet:-1, max-image-preview:large, max-video-preview:-1\" \/>\n<link rel=\"canonical\" href=\"https:\/\/jornadasebprioicprj.com.br\/2021\/o-corpo-ainda-mais-estrangeiro\/\" \/>\n<meta property=\"og:locale\" content=\"pt_BR\" \/>\n<meta property=\"og:type\" content=\"article\" \/>\n<meta property=\"og:title\" content=\"O corpo ainda mais estrangeiro - Jornadas EBP RIO e ICPRJ\" \/>\n<meta property=\"og:description\" content=\"Sabrina Machado Aluna do Curso Fundamental do ICP RJ, turma de 2021 &nbsp; &nbsp; &nbsp; Naparstek destaca um maior estranhamento com rela\u00e7\u00e3o ao corpo, esse estranho que nos habita, durante a pandemia. Nesse momento, em suas palavras: o grande Outro se faz cada vez mais virtual, mais pr\u00f3ximo do semblante, e o corpo se faz [&hellip;]\" \/>\n<meta property=\"og:url\" content=\"https:\/\/jornadasebprioicprj.com.br\/2021\/o-corpo-ainda-mais-estrangeiro\/\" \/>\n<meta property=\"og:site_name\" content=\"Jornadas EBP RIO e ICPRJ\" \/>\n<meta property=\"article:published_time\" content=\"2021-08-11T14:30:24+00:00\" \/>\n<meta property=\"article:modified_time\" content=\"2021-08-13T17:02:40+00:00\" \/>\n<meta name=\"author\" content=\"jornadas\" \/>\n<meta name=\"twitter:card\" content=\"summary_large_image\" \/>\n<meta name=\"twitter:label1\" content=\"Escrito por\" \/>\n\t<meta name=\"twitter:data1\" content=\"jornadas\" \/>\n\t<meta name=\"twitter:label2\" content=\"Est. tempo de leitura\" \/>\n\t<meta name=\"twitter:data2\" content=\"1 minuto\" \/>\n<script type=\"application\/ld+json\" class=\"yoast-schema-graph\">{\"@context\":\"https:\\\/\\\/schema.org\",\"@graph\":[{\"@type\":\"Article\",\"@id\":\"https:\\\/\\\/jornadasebprioicprj.com.br\\\/2021\\\/o-corpo-ainda-mais-estrangeiro\\\/#article\",\"isPartOf\":{\"@id\":\"https:\\\/\\\/jornadasebprioicprj.com.br\\\/2021\\\/o-corpo-ainda-mais-estrangeiro\\\/\"},\"author\":{\"name\":\"jornadas\",\"@id\":\"https:\\\/\\\/jornadasebprioicprj.com.br\\\/2021\\\/#\\\/schema\\\/person\\\/a877eeb013edee082dbca99cad8bfc67\"},\"headline\":\"O corpo ainda mais estrangeiro\",\"datePublished\":\"2021-08-11T14:30:24+00:00\",\"dateModified\":\"2021-08-13T17:02:40+00:00\",\"mainEntityOfPage\":{\"@id\":\"https:\\\/\\\/jornadasebprioicprj.com.br\\\/2021\\\/o-corpo-ainda-mais-estrangeiro\\\/\"},\"wordCount\":303,\"articleSection\":[\"Boletim GPS\"],\"inLanguage\":\"pt-BR\"},{\"@type\":\"WebPage\",\"@id\":\"https:\\\/\\\/jornadasebprioicprj.com.br\\\/2021\\\/o-corpo-ainda-mais-estrangeiro\\\/\",\"url\":\"https:\\\/\\\/jornadasebprioicprj.com.br\\\/2021\\\/o-corpo-ainda-mais-estrangeiro\\\/\",\"name\":\"O corpo ainda mais estrangeiro - Jornadas EBP RIO e ICPRJ\",\"isPartOf\":{\"@id\":\"https:\\\/\\\/jornadasebprioicprj.com.br\\\/2021\\\/#website\"},\"datePublished\":\"2021-08-11T14:30:24+00:00\",\"dateModified\":\"2021-08-13T17:02:40+00:00\",\"author\":{\"@id\":\"https:\\\/\\\/jornadasebprioicprj.com.br\\\/2021\\\/#\\\/schema\\\/person\\\/a877eeb013edee082dbca99cad8bfc67\"},\"breadcrumb\":{\"@id\":\"https:\\\/\\\/jornadasebprioicprj.com.br\\\/2021\\\/o-corpo-ainda-mais-estrangeiro\\\/#breadcrumb\"},\"inLanguage\":\"pt-BR\",\"potentialAction\":[{\"@type\":\"ReadAction\",\"target\":[\"https:\\\/\\\/jornadasebprioicprj.com.br\\\/2021\\\/o-corpo-ainda-mais-estrangeiro\\\/\"]}]},{\"@type\":\"BreadcrumbList\",\"@id\":\"https:\\\/\\\/jornadasebprioicprj.com.br\\\/2021\\\/o-corpo-ainda-mais-estrangeiro\\\/#breadcrumb\",\"itemListElement\":[{\"@type\":\"ListItem\",\"position\":1,\"name\":\"In\u00edcio\",\"item\":\"https:\\\/\\\/jornadasebprioicprj.com.br\\\/2021\\\/\"},{\"@type\":\"ListItem\",\"position\":2,\"name\":\"O corpo ainda mais estrangeiro\"}]},{\"@type\":\"WebSite\",\"@id\":\"https:\\\/\\\/jornadasebprioicprj.com.br\\\/2021\\\/#website\",\"url\":\"https:\\\/\\\/jornadasebprioicprj.com.br\\\/2021\\\/\",\"name\":\"Jornadas EBP RIO e ICPRJ\",\"description\":\"Escola Brasileira de Psican\u00e1lise\",\"potentialAction\":[{\"@type\":\"SearchAction\",\"target\":{\"@type\":\"EntryPoint\",\"urlTemplate\":\"https:\\\/\\\/jornadasebprioicprj.com.br\\\/2021\\\/?s={search_term_string}\"},\"query-input\":{\"@type\":\"PropertyValueSpecification\",\"valueRequired\":true,\"valueName\":\"search_term_string\"}}],\"inLanguage\":\"pt-BR\"},{\"@type\":\"Person\",\"@id\":\"https:\\\/\\\/jornadasebprioicprj.com.br\\\/2021\\\/#\\\/schema\\\/person\\\/a877eeb013edee082dbca99cad8bfc67\",\"name\":\"jornadas\",\"image\":{\"@type\":\"ImageObject\",\"inLanguage\":\"pt-BR\",\"@id\":\"https:\\\/\\\/secure.gravatar.com\\\/avatar\\\/d60d0f34e016dd50f9c3df6f5f4269aafa63cefe878ea546810736b04c310191?s=96&d=mm&r=g\",\"url\":\"https:\\\/\\\/secure.gravatar.com\\\/avatar\\\/d60d0f34e016dd50f9c3df6f5f4269aafa63cefe878ea546810736b04c310191?s=96&d=mm&r=g\",\"contentUrl\":\"https:\\\/\\\/secure.gravatar.com\\\/avatar\\\/d60d0f34e016dd50f9c3df6f5f4269aafa63cefe878ea546810736b04c310191?s=96&d=mm&r=g\",\"caption\":\"jornadas\"},\"sameAs\":[\"http:\\\/\\\/jornadasebprioicprj.com.br\\\/2021\"],\"url\":\"https:\\\/\\\/jornadasebprioicprj.com.br\\\/2021\\\/author\\\/jornadas\\\/\"}]}<\/script>\n<!-- \/ Yoast SEO plugin. -->","yoast_head_json":{"title":"O corpo ainda mais estrangeiro - Jornadas EBP RIO e ICPRJ","robots":{"index":"index","follow":"follow","max-snippet":"max-snippet:-1","max-image-preview":"max-image-preview:large","max-video-preview":"max-video-preview:-1"},"canonical":"https:\/\/jornadasebprioicprj.com.br\/2021\/o-corpo-ainda-mais-estrangeiro\/","og_locale":"pt_BR","og_type":"article","og_title":"O corpo ainda mais estrangeiro - Jornadas EBP RIO e ICPRJ","og_description":"Sabrina Machado Aluna do Curso Fundamental do ICP RJ, turma de 2021 &nbsp; &nbsp; &nbsp; Naparstek destaca um maior estranhamento com rela\u00e7\u00e3o ao corpo, esse estranho que nos habita, durante a pandemia. Nesse momento, em suas palavras: o grande Outro se faz cada vez mais virtual, mais pr\u00f3ximo do semblante, e o corpo se faz [&hellip;]","og_url":"https:\/\/jornadasebprioicprj.com.br\/2021\/o-corpo-ainda-mais-estrangeiro\/","og_site_name":"Jornadas EBP RIO e ICPRJ","article_published_time":"2021-08-11T14:30:24+00:00","article_modified_time":"2021-08-13T17:02:40+00:00","author":"jornadas","twitter_card":"summary_large_image","twitter_misc":{"Escrito por":"jornadas","Est. tempo de leitura":"1 minuto"},"schema":{"@context":"https:\/\/schema.org","@graph":[{"@type":"Article","@id":"https:\/\/jornadasebprioicprj.com.br\/2021\/o-corpo-ainda-mais-estrangeiro\/#article","isPartOf":{"@id":"https:\/\/jornadasebprioicprj.com.br\/2021\/o-corpo-ainda-mais-estrangeiro\/"},"author":{"name":"jornadas","@id":"https:\/\/jornadasebprioicprj.com.br\/2021\/#\/schema\/person\/a877eeb013edee082dbca99cad8bfc67"},"headline":"O corpo ainda mais estrangeiro","datePublished":"2021-08-11T14:30:24+00:00","dateModified":"2021-08-13T17:02:40+00:00","mainEntityOfPage":{"@id":"https:\/\/jornadasebprioicprj.com.br\/2021\/o-corpo-ainda-mais-estrangeiro\/"},"wordCount":303,"articleSection":["Boletim GPS"],"inLanguage":"pt-BR"},{"@type":"WebPage","@id":"https:\/\/jornadasebprioicprj.com.br\/2021\/o-corpo-ainda-mais-estrangeiro\/","url":"https:\/\/jornadasebprioicprj.com.br\/2021\/o-corpo-ainda-mais-estrangeiro\/","name":"O corpo ainda mais estrangeiro - Jornadas EBP RIO e ICPRJ","isPartOf":{"@id":"https:\/\/jornadasebprioicprj.com.br\/2021\/#website"},"datePublished":"2021-08-11T14:30:24+00:00","dateModified":"2021-08-13T17:02:40+00:00","author":{"@id":"https:\/\/jornadasebprioicprj.com.br\/2021\/#\/schema\/person\/a877eeb013edee082dbca99cad8bfc67"},"breadcrumb":{"@id":"https:\/\/jornadasebprioicprj.com.br\/2021\/o-corpo-ainda-mais-estrangeiro\/#breadcrumb"},"inLanguage":"pt-BR","potentialAction":[{"@type":"ReadAction","target":["https:\/\/jornadasebprioicprj.com.br\/2021\/o-corpo-ainda-mais-estrangeiro\/"]}]},{"@type":"BreadcrumbList","@id":"https:\/\/jornadasebprioicprj.com.br\/2021\/o-corpo-ainda-mais-estrangeiro\/#breadcrumb","itemListElement":[{"@type":"ListItem","position":1,"name":"In\u00edcio","item":"https:\/\/jornadasebprioicprj.com.br\/2021\/"},{"@type":"ListItem","position":2,"name":"O corpo ainda mais estrangeiro"}]},{"@type":"WebSite","@id":"https:\/\/jornadasebprioicprj.com.br\/2021\/#website","url":"https:\/\/jornadasebprioicprj.com.br\/2021\/","name":"Jornadas EBP RIO e ICPRJ","description":"Escola Brasileira de Psican\u00e1lise","potentialAction":[{"@type":"SearchAction","target":{"@type":"EntryPoint","urlTemplate":"https:\/\/jornadasebprioicprj.com.br\/2021\/?s={search_term_string}"},"query-input":{"@type":"PropertyValueSpecification","valueRequired":true,"valueName":"search_term_string"}}],"inLanguage":"pt-BR"},{"@type":"Person","@id":"https:\/\/jornadasebprioicprj.com.br\/2021\/#\/schema\/person\/a877eeb013edee082dbca99cad8bfc67","name":"jornadas","image":{"@type":"ImageObject","inLanguage":"pt-BR","@id":"https:\/\/secure.gravatar.com\/avatar\/d60d0f34e016dd50f9c3df6f5f4269aafa63cefe878ea546810736b04c310191?s=96&d=mm&r=g","url":"https:\/\/secure.gravatar.com\/avatar\/d60d0f34e016dd50f9c3df6f5f4269aafa63cefe878ea546810736b04c310191?s=96&d=mm&r=g","contentUrl":"https:\/\/secure.gravatar.com\/avatar\/d60d0f34e016dd50f9c3df6f5f4269aafa63cefe878ea546810736b04c310191?s=96&d=mm&r=g","caption":"jornadas"},"sameAs":["http:\/\/jornadasebprioicprj.com.br\/2021"],"url":"https:\/\/jornadasebprioicprj.com.br\/2021\/author\/jornadas\/"}]}},"_links":{"self":[{"href":"https:\/\/jornadasebprioicprj.com.br\/2021\/wp-json\/wp\/v2\/posts\/299","targetHints":{"allow":["GET"]}}],"collection":[{"href":"https:\/\/jornadasebprioicprj.com.br\/2021\/wp-json\/wp\/v2\/posts"}],"about":[{"href":"https:\/\/jornadasebprioicprj.com.br\/2021\/wp-json\/wp\/v2\/types\/post"}],"author":[{"embeddable":true,"href":"https:\/\/jornadasebprioicprj.com.br\/2021\/wp-json\/wp\/v2\/users\/1"}],"replies":[{"embeddable":true,"href":"https:\/\/jornadasebprioicprj.com.br\/2021\/wp-json\/wp\/v2\/comments?post=299"}],"version-history":[{"count":5,"href":"https:\/\/jornadasebprioicprj.com.br\/2021\/wp-json\/wp\/v2\/posts\/299\/revisions"}],"predecessor-version":[{"id":565,"href":"https:\/\/jornadasebprioicprj.com.br\/2021\/wp-json\/wp\/v2\/posts\/299\/revisions\/565"}],"wp:attachment":[{"href":"https:\/\/jornadasebprioicprj.com.br\/2021\/wp-json\/wp\/v2\/media?parent=299"}],"wp:term":[{"taxonomy":"category","embeddable":true,"href":"https:\/\/jornadasebprioicprj.com.br\/2021\/wp-json\/wp\/v2\/categories?post=299"},{"taxonomy":"post_tag","embeddable":true,"href":"https:\/\/jornadasebprioicprj.com.br\/2021\/wp-json\/wp\/v2\/tags?post=299"}],"curies":[{"name":"wp","href":"https:\/\/api.w.org\/{rel}","templated":true}]}}